
{"id":10386,"date":"2009-10-18T21:30:10","date_gmt":"2009-10-18T20:30:10","guid":{"rendered":"http:\/\/adamczewscy.pl\/?p=2635"},"modified":"2009-10-18T21:30:10","modified_gmt":"2009-10-18T20:30:10","slug":"jablkowy-kurczak","status":"publish","type":"post","link":"https:\/\/blog.polityka.pl\/adamczewski\/2009\/10\/18\/jablkowy-kurczak\/","title":{"rendered":"Jab\u0142kowy kurczak"},"content":{"rendered":"<p><em>4 du\u017ce udka z kurczaka, 2 du\u017ce jab\u0142ka (renet), \u0142y\u017ceczka startej sk\u00f3rki pomara\u0144czowej, s\u00f3l, pieprz, 3\/4 szklanki soku jab\u0142kowego, p\u00f3\u0142 szklanki \u015bmietany 18-proc. i \u0142y\u017cka siekanej zielonej pietruszki. <\/em><\/p>\n<p>1. Jab\u0142ka obra\u0107 ze sk\u00f3rki, przekroi\u0107 i usun\u0105\u0107 gniazda nasienne. Pokroi\u0107 w plastry i u\u0142o\u017cy\u0107 na dnie naczynia do zapiekania posypa\u0107 jab\u0142ka sk\u00f3rk\u0105 pomara\u0144czow\u0105.<br \/>\n2. Udka umy\u0107, osuszy\u0107, lekko posypa\u0107 sol\u0105 i pieprzem, u\u0142o\u017cy\u0107 na jab\u0142kach<br \/>\n3. Zala\u0107 potraw\u0119 sokiem jab\u0142kowym.<br \/>\n4. Dusi\u0107 lub piec w nagrzanym piekarniku, pod pokrywk\u0105, oko\u0142o p\u00f3\u0142 godziny. odkry\u0107 pokrywk\u0119 i zapieka\u0107 jeszcze 20 minut<br \/>\n5. Zala\u0107 wierzch potrawy \u015bmietan\u0105 i po nast\u0119pnych 10 minutach wyj\u0105\u0107 potraw\u0119 piekarnika i posypa\u0107 siekan\u0105 zielon\u0105 pietruszk\u0105.<\/p>\n","protected":false},"excerpt":{"rendered":"<p>4 du\u017ce udka z kurczaka, 2 du\u017ce jab\u0142ka (renet), \u0142y\u017ceczka startej sk\u00f3rki pomara\u0144czowej, s\u00f3l, pieprz, 3\/4 szklanki soku jab\u0142kowego, p\u00f3\u0142 szklanki \u015bmietany 18-proc. i \u0142y\u017cka siekanej zielonej pietruszki. 1. Jab\u0142ka obra\u0107 ze sk\u00f3rki, przekroi\u0107 i usun\u0105\u0107 gniazda nasienne. Pokroi\u0107 w plastry i u\u0142o\u017cy\u0107 na dnie naczynia do zapiekania posypa\u0107 jab\u0142ka sk\u00f3rk\u0105 pomara\u0144czow\u0105. 2. Udka umy\u0107, [&hellip;]<\/p>\n","protected":false},"author":2,"featured_media":0,"comment_status":"open","ping_status":"open","sticky":false,"template":"","format":"standard","meta":{"footnotes":""},"categories":[1],"tags":[],"_links":{"self":[{"href":"https:\/\/blog.polityka.pl\/adamczewski\/wp-json\/wp\/v2\/posts\/10386"}],"collection":[{"href":"https:\/\/blog.polityka.pl\/adamczewski\/wp-json\/wp\/v2\/posts"}],"about":[{"href":"https:\/\/blog.polityka.pl\/adamczewski\/wp-json\/wp\/v2\/types\/post"}],"author":[{"embeddable":true,"href":"https:\/\/blog.polityka.pl\/adamczewski\/wp-json\/wp\/v2\/users\/2"}],"replies":[{"embeddable":true,"href":"https:\/\/blog.polityka.pl\/adamczewski\/wp-json\/wp\/v2\/comments?post=10386"}],"version-history":[{"count":0,"href":"https:\/\/blog.polityka.pl\/adamczewski\/wp-json\/wp\/v2\/posts\/10386\/revisions"}],"wp:attachment":[{"href":"https:\/\/blog.polityka.pl\/adamczewski\/wp-json\/wp\/v2\/media?parent=10386"}],"wp:term":[{"taxonomy":"category","embeddable":true,"href":"https:\/\/blog.polityka.pl\/adamczewski\/wp-json\/wp\/v2\/categories?post=10386"},{"taxonomy":"post_tag","embeddable":true,"href":"https:\/\/blog.polityka.pl\/adamczewski\/wp-json\/wp\/v2\/tags?post=10386"}],"curies":[{"name":"wp","href":"https:\/\/api.w.org\/{rel}","templated":true}]}}