
{"id":10387,"date":"2009-10-22T22:37:35","date_gmt":"2009-10-22T21:37:35","guid":{"rendered":"http:\/\/adamczewscy.pl\/?p=2637"},"modified":"2009-10-22T22:37:35","modified_gmt":"2009-10-22T21:37:35","slug":"rosol-z-kremowymi-talarkami","status":"publish","type":"post","link":"https:\/\/blog.polityka.pl\/adamczewski\/2009\/10\/22\/rosol-z-kremowymi-talarkami\/","title":{"rendered":"Ros\u00f3\u0142 z kremowymi talarkami"},"content":{"rendered":"<p><em>4 szklanki roso\u0142u z kurczaka lub kury<br \/>\nNa talarki: 2 jaja, p\u00f3\u0142 szklanki mleka, 2 \u0142y\u017cki startego \u017c\u00f3\u0142tego sera, szczypta startej ga\u0142ki muszkato\u0142owej, s\u00f3l, \u0142y\u017ceczka mas\u0142a do posmarowania foremki. <\/em><\/p>\n<p>1. Ubi\u0107 lekko jaja z mlekiem i \u017c\u00f3\u0142tym startym serem, doda\u0107 do smaku s\u00f3l.<br \/>\n2. Przela\u0107 jaja z mlekiem do posmarowanej mas\u0142em p\u0142askiej salaterki lub foremki do pieczenia ciast.<br \/>\n3. Wstawi\u0107 naczynie do wi\u0119kszego z wrz\u0105c\u0105 wod\u0105 i gotowa\u0107, a\u017c masa si\u0119 zetnie.<br \/>\n4. Ma\u0142ym kieliszkiem wykrawa\u0107 okr\u0105g\u0142e talarki, lub pokroi\u0107 mas\u0119 w niedu\u017ce kwadraty.<br \/>\n5. Ros\u00f3\u0142 zagrza\u0107, wlewa\u0107 do fili\u017canek dodaj\u0105c tu\u017c przed podaniem talarki oraz posypuj\u0105c posiekan\u0105 zielon\u0105 pietruszk\u0105. <\/p>\n","protected":false},"excerpt":{"rendered":"<p>4 szklanki roso\u0142u z kurczaka lub kury Na talarki: 2 jaja, p\u00f3\u0142 szklanki mleka, 2 \u0142y\u017cki startego \u017c\u00f3\u0142tego sera, szczypta startej ga\u0142ki muszkato\u0142owej, s\u00f3l, \u0142y\u017ceczka mas\u0142a do posmarowania foremki. 1. Ubi\u0107 lekko jaja z mlekiem i \u017c\u00f3\u0142tym startym serem, doda\u0107 do smaku s\u00f3l. 2. Przela\u0107 jaja z mlekiem do posmarowanej mas\u0142em p\u0142askiej salaterki lub foremki [&hellip;]<\/p>\n","protected":false},"author":2,"featured_media":0,"comment_status":"open","ping_status":"open","sticky":false,"template":"","format":"standard","meta":{"footnotes":""},"categories":[1],"tags":[],"_links":{"self":[{"href":"https:\/\/blog.polityka.pl\/adamczewski\/wp-json\/wp\/v2\/posts\/10387"}],"collection":[{"href":"https:\/\/blog.polityka.pl\/adamczewski\/wp-json\/wp\/v2\/posts"}],"about":[{"href":"https:\/\/blog.polityka.pl\/adamczewski\/wp-json\/wp\/v2\/types\/post"}],"author":[{"embeddable":true,"href":"https:\/\/blog.polityka.pl\/adamczewski\/wp-json\/wp\/v2\/users\/2"}],"replies":[{"embeddable":true,"href":"https:\/\/blog.polityka.pl\/adamczewski\/wp-json\/wp\/v2\/comments?post=10387"}],"version-history":[{"count":0,"href":"https:\/\/blog.polityka.pl\/adamczewski\/wp-json\/wp\/v2\/posts\/10387\/revisions"}],"wp:attachment":[{"href":"https:\/\/blog.polityka.pl\/adamczewski\/wp-json\/wp\/v2\/media?parent=10387"}],"wp:term":[{"taxonomy":"category","embeddable":true,"href":"https:\/\/blog.polityka.pl\/adamczewski\/wp-json\/wp\/v2\/categories?post=10387"},{"taxonomy":"post_tag","embeddable":true,"href":"https:\/\/blog.polityka.pl\/adamczewski\/wp-json\/wp\/v2\/tags?post=10387"}],"curies":[{"name":"wp","href":"https:\/\/api.w.org\/{rel}","templated":true}]}}