
{"id":10389,"date":"2009-10-22T22:39:30","date_gmt":"2009-10-22T21:39:30","guid":{"rendered":"http:\/\/adamczewscy.pl\/?p=2639"},"modified":"2009-10-22T22:39:30","modified_gmt":"2009-10-22T21:39:30","slug":"potrawka-z-kurczaka-z-pieczarkami","status":"publish","type":"post","link":"https:\/\/blog.polityka.pl\/adamczewski\/2009\/10\/22\/potrawka-z-kurczaka-z-pieczarkami\/","title":{"rendered":"Potrawka z kurczaka z pieczarkami"},"content":{"rendered":"<p><em>4 porcje mi\u0119sa z ugotowanego w rosole kurczaka. 2 \u0142y\u017cki mas\u0142a, p\u00f3\u0142torej \u0142y\u017cki m\u0105ki, 4 pieczarki, szklanka roso\u0142u od kurczaka, pieprz, s\u00f3l. <\/em><\/p>\n<p>1. \u0141y\u017ck\u0119 mas\u0142a rozgrza\u0107 w rondelku, doda\u0107 pokrojone w plasterki pieczarki i podsma\u017cy\u0107, wyj\u0105\u0107 pieczarki, pozostawiaj\u0105c t\u0142uszcz.<br \/>\n2. Doda\u0107 do rondelka kolejn\u0105 \u0142y\u017ck\u0119 mas\u0142a i m\u0105k\u0119. Podsma\u017ca\u0107 do momentu kiedy spieni si\u0119 i zja\u015bnieje, wtedy wla\u0107 ros\u00f3\u0142, wymiesza\u0107, doda\u0107 usma\u017cone pieczarki, s\u00f3l i pieprz. Gotowa\u0107 sos do momentu, kiedy stanie si\u0119 g\u0142adki i nieco zg\u0119stnieje. W\u0142o\u017cy\u0107 do niego porcje mi\u0119sa i razem zagrza\u0107.<br \/>\nPotrawk\u0119 z kurczaka podawa\u0107 z ugotowanym na sypko ry\u017cem. <\/p>\n","protected":false},"excerpt":{"rendered":"<p>4 porcje mi\u0119sa z ugotowanego w rosole kurczaka. 2 \u0142y\u017cki mas\u0142a, p\u00f3\u0142torej \u0142y\u017cki m\u0105ki, 4 pieczarki, szklanka roso\u0142u od kurczaka, pieprz, s\u00f3l. 1. \u0141y\u017ck\u0119 mas\u0142a rozgrza\u0107 w rondelku, doda\u0107 pokrojone w plasterki pieczarki i podsma\u017cy\u0107, wyj\u0105\u0107 pieczarki, pozostawiaj\u0105c t\u0142uszcz. 2. Doda\u0107 do rondelka kolejn\u0105 \u0142y\u017ck\u0119 mas\u0142a i m\u0105k\u0119. Podsma\u017ca\u0107 do momentu kiedy spieni si\u0119 i [&hellip;]<\/p>\n","protected":false},"author":2,"featured_media":0,"comment_status":"open","ping_status":"open","sticky":false,"template":"","format":"standard","meta":{"footnotes":""},"categories":[1],"tags":[],"_links":{"self":[{"href":"https:\/\/blog.polityka.pl\/adamczewski\/wp-json\/wp\/v2\/posts\/10389"}],"collection":[{"href":"https:\/\/blog.polityka.pl\/adamczewski\/wp-json\/wp\/v2\/posts"}],"about":[{"href":"https:\/\/blog.polityka.pl\/adamczewski\/wp-json\/wp\/v2\/types\/post"}],"author":[{"embeddable":true,"href":"https:\/\/blog.polityka.pl\/adamczewski\/wp-json\/wp\/v2\/users\/2"}],"replies":[{"embeddable":true,"href":"https:\/\/blog.polityka.pl\/adamczewski\/wp-json\/wp\/v2\/comments?post=10389"}],"version-history":[{"count":0,"href":"https:\/\/blog.polityka.pl\/adamczewski\/wp-json\/wp\/v2\/posts\/10389\/revisions"}],"wp:attachment":[{"href":"https:\/\/blog.polityka.pl\/adamczewski\/wp-json\/wp\/v2\/media?parent=10389"}],"wp:term":[{"taxonomy":"category","embeddable":true,"href":"https:\/\/blog.polityka.pl\/adamczewski\/wp-json\/wp\/v2\/categories?post=10389"},{"taxonomy":"post_tag","embeddable":true,"href":"https:\/\/blog.polityka.pl\/adamczewski\/wp-json\/wp\/v2\/tags?post=10389"}],"curies":[{"name":"wp","href":"https:\/\/api.w.org\/{rel}","templated":true}]}}