
{"id":10390,"date":"2009-10-22T22:43:42","date_gmt":"2009-10-22T21:43:42","guid":{"rendered":"http:\/\/adamczewscy.pl\/?p=2641"},"modified":"2009-10-22T22:43:42","modified_gmt":"2009-10-22T21:43:42","slug":"kremowka-bez-pieczenia","status":"publish","type":"post","link":"https:\/\/blog.polityka.pl\/adamczewski\/2009\/10\/22\/kremowka-bez-pieczenia\/","title":{"rendered":"Krem\u00f3wka bez pieczenia"},"content":{"rendered":"<p><em>2 opakowania prostok\u0105tnych krakers\u00f3w (nale\u017cy wybiera\u0107 nie s\u0142one i bez przypraw, o smaku oboj\u0119tnym), 300-gramowa ose\u0142ka mas\u0142a, 5 \u0142y\u017cek m\u0105ki pszennej i 3 \u0142y\u017cki ziemniaczanej, 3 \u017c\u00f3\u0142tka, 3 szklanki mleka, torebka cukru z prawdziw\u0105 wanili\u0105 lub p\u00f3\u0142 laski wanilii, szklanka cukru. 5 dag \u0142uskanych orzech\u00f3w w\u0142oskich<\/em><\/p>\n<p>1. \u017b\u00f3\u0142tka wymiesza\u0107 z mlekiem i oba rodzaje maki. Najlepiej wymiesza\u0107 przy pomocy miksera, wtedy nie b\u0119dzie grudek.<br \/>\n2. Zagotowa\u0107 pozosta\u0142e 2 szklanki mleka z cukrem waniliowym lub kawa\u0142kiem wanilii oraz cukrem a nast\u0119pnie powoli, mieszaj\u0105c, wla\u0107 mleko z m\u0105k\u0105 i \u017c\u00f3\u0142tkami i, nadal mieszaj\u0105c,  gotowa\u0107, a\u017c budy\u0144 zg\u0119stnieje. Zdj\u0105\u0107 budy\u0144 z ognia i wystudzi\u0107.<br \/>\n3. Utrze\u0107 mas\u0142o mikserem r\u0119cznym. Do mas\u0142a dodawa\u0107 zimny budy\u0144 i dalej uciera\u0107 krem do wyczerpania si\u0119 budyniu.<br \/>\n4. W prostok\u0105tnym naczyniu \u017caroodpornym lub blaszce wy\u0142o\u017conej papierem do wypiek\u00f3w u\u0142o\u017cy\u0107 ca\u0142e opakowanie krakers\u00f3w, jeden obok drugiego, na nim 1\/3 kremu, u\u0142o\u017cy\u0107 krakersy z drugiej paczki, po czym posmarowa\u0107 tak\u017ce wierzch krakers\u00f3w.<br \/>\n5. Orzechy w\u0142oskie upra\u017cy\u0107 lekko na suchej patelni, ostudzi\u0107 i posieka\u0107. Posypa\u0107 nimi grubo wierzch krem\u00f3wki. Przykry\u0107 szczelnie foli\u0105 aluminiow\u0105 i wstawi\u0107 do lod\u00f3wki na kilka godzin. <\/p>\n","protected":false},"excerpt":{"rendered":"<p>2 opakowania prostok\u0105tnych krakers\u00f3w (nale\u017cy wybiera\u0107 nie s\u0142one i bez przypraw, o smaku oboj\u0119tnym), 300-gramowa ose\u0142ka mas\u0142a, 5 \u0142y\u017cek m\u0105ki pszennej i 3 \u0142y\u017cki ziemniaczanej, 3 \u017c\u00f3\u0142tka, 3 szklanki mleka, torebka cukru z prawdziw\u0105 wanili\u0105 lub p\u00f3\u0142 laski wanilii, szklanka cukru. 5 dag \u0142uskanych orzech\u00f3w w\u0142oskich 1. \u017b\u00f3\u0142tka wymiesza\u0107 z mlekiem i oba rodzaje maki. [&hellip;]<\/p>\n","protected":false},"author":2,"featured_media":0,"comment_status":"open","ping_status":"open","sticky":false,"template":"","format":"standard","meta":{"footnotes":""},"categories":[1],"tags":[],"_links":{"self":[{"href":"https:\/\/blog.polityka.pl\/adamczewski\/wp-json\/wp\/v2\/posts\/10390"}],"collection":[{"href":"https:\/\/blog.polityka.pl\/adamczewski\/wp-json\/wp\/v2\/posts"}],"about":[{"href":"https:\/\/blog.polityka.pl\/adamczewski\/wp-json\/wp\/v2\/types\/post"}],"author":[{"embeddable":true,"href":"https:\/\/blog.polityka.pl\/adamczewski\/wp-json\/wp\/v2\/users\/2"}],"replies":[{"embeddable":true,"href":"https:\/\/blog.polityka.pl\/adamczewski\/wp-json\/wp\/v2\/comments?post=10390"}],"version-history":[{"count":0,"href":"https:\/\/blog.polityka.pl\/adamczewski\/wp-json\/wp\/v2\/posts\/10390\/revisions"}],"wp:attachment":[{"href":"https:\/\/blog.polityka.pl\/adamczewski\/wp-json\/wp\/v2\/media?parent=10390"}],"wp:term":[{"taxonomy":"category","embeddable":true,"href":"https:\/\/blog.polityka.pl\/adamczewski\/wp-json\/wp\/v2\/categories?post=10390"},{"taxonomy":"post_tag","embeddable":true,"href":"https:\/\/blog.polityka.pl\/adamczewski\/wp-json\/wp\/v2\/tags?post=10390"}],"curies":[{"name":"wp","href":"https:\/\/api.w.org\/{rel}","templated":true}]}}