
{"id":10392,"date":"2009-10-29T23:18:48","date_gmt":"2009-10-29T22:18:48","guid":{"rendered":"http:\/\/adamczewscy.pl\/?p=2644"},"modified":"2009-10-29T23:18:48","modified_gmt":"2009-10-29T22:18:48","slug":"bakaliowe-niespodzianki","status":"publish","type":"post","link":"https:\/\/blog.polityka.pl\/adamczewski\/2009\/10\/29\/bakaliowe-niespodzianki\/","title":{"rendered":"Bakaliowe niespodzianki"},"content":{"rendered":"<p><em>Opakowanie mro\u017conego ciasta francuskiego, p\u00f3\u0142 szklanki rodzynek, p\u00f3\u0142 szklanki orzech\u00f3w w\u0142oskich, p\u00f3\u0142 szklanki migda\u0142\u00f3w, \u0107wier\u0107 szklanki miodu, na czubek \u0142y\u017ceczki cynamonu.<\/em><\/p>\n<p>1. Orzechy i migda\u0142y posieka\u0107, wymiesza\u0107 z miodem, rodzynkami i cynamonem, gotowa\u0107 w garnuszku oko\u0142o 2-3 minut.<br \/>\n2, Ciasto roz\u0142o\u017cy\u0107, powycina\u0107 kieliszkiem kr\u0105\u017cki. Na po\u0142owie kr\u0105\u017ck\u00f3w nak\u0142ada\u0107 ostudzony mi\u00f3d z bakaliami, nakrywa\u0107 drugim kr\u0105\u017ckiem i zlepia\u0107 brzegi.<br \/>\n3. Ciasteczka u\u0142o\u017cy\u0107 na wy\u0142o\u017conej papierem do wypiek\u00f3w blaszce i posmarowa\u0107 wierzchy wod\u0105.<br \/>\n4. Piec ok. 25 minut w temperaturze 180 st C.<\/p>\n","protected":false},"excerpt":{"rendered":"<p>Opakowanie mro\u017conego ciasta francuskiego, p\u00f3\u0142 szklanki rodzynek, p\u00f3\u0142 szklanki orzech\u00f3w w\u0142oskich, p\u00f3\u0142 szklanki migda\u0142\u00f3w, \u0107wier\u0107 szklanki miodu, na czubek \u0142y\u017ceczki cynamonu. 1. Orzechy i migda\u0142y posieka\u0107, wymiesza\u0107 z miodem, rodzynkami i cynamonem, gotowa\u0107 w garnuszku oko\u0142o 2-3 minut. 2, Ciasto roz\u0142o\u017cy\u0107, powycina\u0107 kieliszkiem kr\u0105\u017cki. Na po\u0142owie kr\u0105\u017ck\u00f3w nak\u0142ada\u0107 ostudzony mi\u00f3d z bakaliami, nakrywa\u0107 drugim kr\u0105\u017ckiem [&hellip;]<\/p>\n","protected":false},"author":2,"featured_media":0,"comment_status":"open","ping_status":"open","sticky":false,"template":"","format":"standard","meta":{"footnotes":""},"categories":[1],"tags":[],"_links":{"self":[{"href":"https:\/\/blog.polityka.pl\/adamczewski\/wp-json\/wp\/v2\/posts\/10392"}],"collection":[{"href":"https:\/\/blog.polityka.pl\/adamczewski\/wp-json\/wp\/v2\/posts"}],"about":[{"href":"https:\/\/blog.polityka.pl\/adamczewski\/wp-json\/wp\/v2\/types\/post"}],"author":[{"embeddable":true,"href":"https:\/\/blog.polityka.pl\/adamczewski\/wp-json\/wp\/v2\/users\/2"}],"replies":[{"embeddable":true,"href":"https:\/\/blog.polityka.pl\/adamczewski\/wp-json\/wp\/v2\/comments?post=10392"}],"version-history":[{"count":0,"href":"https:\/\/blog.polityka.pl\/adamczewski\/wp-json\/wp\/v2\/posts\/10392\/revisions"}],"wp:attachment":[{"href":"https:\/\/blog.polityka.pl\/adamczewski\/wp-json\/wp\/v2\/media?parent=10392"}],"wp:term":[{"taxonomy":"category","embeddable":true,"href":"https:\/\/blog.polityka.pl\/adamczewski\/wp-json\/wp\/v2\/categories?post=10392"},{"taxonomy":"post_tag","embeddable":true,"href":"https:\/\/blog.polityka.pl\/adamczewski\/wp-json\/wp\/v2\/tags?post=10392"}],"curies":[{"name":"wp","href":"https:\/\/api.w.org\/{rel}","templated":true}]}}