
{"id":10393,"date":"2009-10-29T23:21:27","date_gmt":"2009-10-29T22:21:27","guid":{"rendered":"http:\/\/adamczewscy.pl\/?p=2645"},"modified":"2009-10-29T23:21:27","modified_gmt":"2009-10-29T22:21:27","slug":"ciastka-z-czekoladowa-polewa","status":"publish","type":"post","link":"https:\/\/blog.polityka.pl\/adamczewski\/2009\/10\/29\/ciastka-z-czekoladowa-polewa\/","title":{"rendered":"Ciastka z czekoladow\u0105 polew\u0105"},"content":{"rendered":"<p><em>20 dag mas\u0142a, szklanka cukru, 2 jaja, s\u00f3l, 2 i p\u00f3\u0142 szklanki m\u0105ki, cukier waniliowy, szczypta soli.<br \/>\nNa polew\u0119: szklanka cukru, bia\u0142ko, 2 \u0142y\u017cki ciemnego kakao<\/em><\/p>\n<p>1. Utrze\u0107 mas\u0142o z cukrem i ca\u0142ymi jajkami, kiedy utworzy si\u0119 jednorodna masa dodawa\u0107 m\u0105k\u0119, cukier waniliowy dalej mieszaj\u0105c a na koniec zagnie\u015b\u0107 r\u0119kami, uformowa\u0107 kul\u0119,  nakry\u0107 i w\u0142o\u017cy\u0107 do lod\u00f3wki na godzin\u0119.<br \/>\n2. Po wyj\u0119ciu z lod\u00f3wki rozwa\u0142kowa\u0107 ciasto, wycina\u0107  ma\u0142e okr\u0105g\u0142e ciasteczka, uk\u0142ada\u0107 na wy\u0142o\u017conej papierem do pieczenia blaszce i upiec na jasnoz\u0142ocisto. Ostudzi\u0107.<br \/>\n3. Utrze\u0107 cukier z bia\u0142kiem, doda\u0107 kakao. Polew\u0105 ?czekoladow\u0105? posmarowa\u0107 ciastka.<br \/>\nMo\u017cna ciastka przybra\u0107 kawa\u0142kami orzech\u00f3w, migda\u0142\u00f3w lub wi\u00f3rkami kokosowymi. <\/p>\n","protected":false},"excerpt":{"rendered":"<p>20 dag mas\u0142a, szklanka cukru, 2 jaja, s\u00f3l, 2 i p\u00f3\u0142 szklanki m\u0105ki, cukier waniliowy, szczypta soli. Na polew\u0119: szklanka cukru, bia\u0142ko, 2 \u0142y\u017cki ciemnego kakao 1. Utrze\u0107 mas\u0142o z cukrem i ca\u0142ymi jajkami, kiedy utworzy si\u0119 jednorodna masa dodawa\u0107 m\u0105k\u0119, cukier waniliowy dalej mieszaj\u0105c a na koniec zagnie\u015b\u0107 r\u0119kami, uformowa\u0107 kul\u0119, nakry\u0107 i w\u0142o\u017cy\u0107 [&hellip;]<\/p>\n","protected":false},"author":2,"featured_media":0,"comment_status":"open","ping_status":"open","sticky":false,"template":"","format":"standard","meta":{"footnotes":""},"categories":[1],"tags":[],"_links":{"self":[{"href":"https:\/\/blog.polityka.pl\/adamczewski\/wp-json\/wp\/v2\/posts\/10393"}],"collection":[{"href":"https:\/\/blog.polityka.pl\/adamczewski\/wp-json\/wp\/v2\/posts"}],"about":[{"href":"https:\/\/blog.polityka.pl\/adamczewski\/wp-json\/wp\/v2\/types\/post"}],"author":[{"embeddable":true,"href":"https:\/\/blog.polityka.pl\/adamczewski\/wp-json\/wp\/v2\/users\/2"}],"replies":[{"embeddable":true,"href":"https:\/\/blog.polityka.pl\/adamczewski\/wp-json\/wp\/v2\/comments?post=10393"}],"version-history":[{"count":0,"href":"https:\/\/blog.polityka.pl\/adamczewski\/wp-json\/wp\/v2\/posts\/10393\/revisions"}],"wp:attachment":[{"href":"https:\/\/blog.polityka.pl\/adamczewski\/wp-json\/wp\/v2\/media?parent=10393"}],"wp:term":[{"taxonomy":"category","embeddable":true,"href":"https:\/\/blog.polityka.pl\/adamczewski\/wp-json\/wp\/v2\/categories?post=10393"},{"taxonomy":"post_tag","embeddable":true,"href":"https:\/\/blog.polityka.pl\/adamczewski\/wp-json\/wp\/v2\/tags?post=10393"}],"curies":[{"name":"wp","href":"https:\/\/api.w.org\/{rel}","templated":true}]}}