
{"id":10399,"date":"2009-11-06T07:12:24","date_gmt":"2009-11-06T06:12:24","guid":{"rendered":"http:\/\/adamczewscy.pl\/?p=2652"},"modified":"2009-11-06T07:12:24","modified_gmt":"2009-11-06T06:12:24","slug":"surowka-z-marchwi-z-owocowym-jogurtem","status":"publish","type":"post","link":"https:\/\/blog.polityka.pl\/adamczewski\/2009\/11\/06\/surowka-z-marchwi-z-owocowym-jogurtem\/","title":{"rendered":"Sur\u00f3wka z marchwi z owocowym jogurtem"},"content":{"rendered":"<p><em>4 spore marchwie, kopiasta \u0142y\u017cka ostrego chrzanu ze s\u0142oika, jab\u0142ko, p\u00f3\u0142 szklanki dowolnego jogurtu owocowego (nam najlepiej smakuje brzoskwiniowy), s\u00f3l, cukier, do smaku sok cytrynowy. Do posypania ew. \u0142y\u017ceczka posiekanej zielonej pietruszki<\/em><\/p>\n<p>1. Marchew umy\u0107, obra\u0107 cienko ze sk\u00f3rki (najwygodniej obieraczk\u0105 do warzyw lub \u0142opatk\u0105 do sera), op\u0142uka\u0107 i zetrze\u0107 na drobnej jarzynowej tarce.<br \/>\n2. Wymiesza\u0107 jogurt owocowy z chrzanem i start\u0105 marchwi\u0105.<br \/>\n3. Jab\u0142ko obra\u0107 ze sk\u00f3rki i utrze\u0107 na grubej jarzynowej tarce, skropi\u0107 cytrynowym sokiem,<br \/>\n4. Wymiesza\u0107 marchew z chrzanem z utartym jab\u0142kiem, doprawi\u0107 do smaku szczypt\u0105 soli i cukrem.<br \/>\nSur\u00f3wk\u0119 mo\u017cna posypa\u0107 posiekan\u0105 zielon\u0105 pietruszk\u0105, ale nie jest to konieczne. <\/p>\n","protected":false},"excerpt":{"rendered":"<p>4 spore marchwie, kopiasta \u0142y\u017cka ostrego chrzanu ze s\u0142oika, jab\u0142ko, p\u00f3\u0142 szklanki dowolnego jogurtu owocowego (nam najlepiej smakuje brzoskwiniowy), s\u00f3l, cukier, do smaku sok cytrynowy. Do posypania ew. \u0142y\u017ceczka posiekanej zielonej pietruszki 1. Marchew umy\u0107, obra\u0107 cienko ze sk\u00f3rki (najwygodniej obieraczk\u0105 do warzyw lub \u0142opatk\u0105 do sera), op\u0142uka\u0107 i zetrze\u0107 na drobnej jarzynowej tarce. 2. [&hellip;]<\/p>\n","protected":false},"author":2,"featured_media":0,"comment_status":"open","ping_status":"open","sticky":false,"template":"","format":"standard","meta":{"footnotes":""},"categories":[1],"tags":[],"_links":{"self":[{"href":"https:\/\/blog.polityka.pl\/adamczewski\/wp-json\/wp\/v2\/posts\/10399"}],"collection":[{"href":"https:\/\/blog.polityka.pl\/adamczewski\/wp-json\/wp\/v2\/posts"}],"about":[{"href":"https:\/\/blog.polityka.pl\/adamczewski\/wp-json\/wp\/v2\/types\/post"}],"author":[{"embeddable":true,"href":"https:\/\/blog.polityka.pl\/adamczewski\/wp-json\/wp\/v2\/users\/2"}],"replies":[{"embeddable":true,"href":"https:\/\/blog.polityka.pl\/adamczewski\/wp-json\/wp\/v2\/comments?post=10399"}],"version-history":[{"count":0,"href":"https:\/\/blog.polityka.pl\/adamczewski\/wp-json\/wp\/v2\/posts\/10399\/revisions"}],"wp:attachment":[{"href":"https:\/\/blog.polityka.pl\/adamczewski\/wp-json\/wp\/v2\/media?parent=10399"}],"wp:term":[{"taxonomy":"category","embeddable":true,"href":"https:\/\/blog.polityka.pl\/adamczewski\/wp-json\/wp\/v2\/categories?post=10399"},{"taxonomy":"post_tag","embeddable":true,"href":"https:\/\/blog.polityka.pl\/adamczewski\/wp-json\/wp\/v2\/tags?post=10399"}],"curies":[{"name":"wp","href":"https:\/\/api.w.org\/{rel}","templated":true}]}}