
{"id":10402,"date":"2009-11-06T07:14:23","date_gmt":"2009-11-06T06:14:23","guid":{"rendered":"http:\/\/adamczewscy.pl\/?p=2655"},"modified":"2009-11-06T07:14:23","modified_gmt":"2009-11-06T06:14:23","slug":"filety-z-kurczaka-z-rozmaitosciami","status":"publish","type":"post","link":"https:\/\/blog.polityka.pl\/adamczewski\/2009\/11\/06\/filety-z-kurczaka-z-rozmaitosciami\/","title":{"rendered":"Filety z kurczaka z rozmaito\u015bciami"},"content":{"rendered":"<p><em>Podw\u00f3jny filet z piersi kurczaka,  po p\u00f3\u0142 \u0142y\u017ceczki majeranku i tymianku, ma\u0142a cukinia, 2 plasterki gotowanej lub tylko w\u0119dzonej szynki, 2 plastry ananasa z puszki, 2; pomidory, 4 plasterki mozzarelli, \u0142y\u017cka posiekanej \u015bwie\u017cej bazylii. Do sma\u017cenia 2 \u0142y\u017cki oleju z pestek winogron, s\u00f3l, pieprz<\/em><\/p>\n<p>1. Filety podzieli\u0107 na  4 kotlety i lekko zbi\u0107 t\u0142uczkiem nadaj\u0105c im owalny kszta\u0142t. Posypa\u0107 sol\u0105, pieprzem,  majerankiem i tymiankiem.<br \/>\n2. Doprawione filety obsma\u017cy\u0107 na rozgrzanym na patelni oleju i po\u0142o\u017cy\u0107 na \u017caroodpornym p\u00f3\u0142misku.<br \/>\n3. Pokrojon\u0105 na plasterki cukini\u0119 lekko obsma\u017cy\u0107 na pozosta\u0142ym t\u0142uszczu i po zdj\u0119ciu z patelni u\u0142o\u017cy\u0107 na kotletach.<br \/>\n4. Na wierzchu kotlet\u00f3w, na cukinii, u\u0142o\u017cy\u0107 pokrojone w plasterki pomidory, na nich po p\u00f3\u0142 plasterka ananasa i plasterek mozzarelli.<br \/>\n5. Zapieka\u0107 filety z rozmaito\u015bciami w piekarniku nagrzanym do 200 st c oko\u0142o 15-20 minut. <\/p>\n<p>Podawa\u0107 z ry\u017cem na sypko lub kaszk\u0105 kuskus<\/p>\n","protected":false},"excerpt":{"rendered":"<p>Podw\u00f3jny filet z piersi kurczaka, po p\u00f3\u0142 \u0142y\u017ceczki majeranku i tymianku, ma\u0142a cukinia, 2 plasterki gotowanej lub tylko w\u0119dzonej szynki, 2 plastry ananasa z puszki, 2; pomidory, 4 plasterki mozzarelli, \u0142y\u017cka posiekanej \u015bwie\u017cej bazylii. Do sma\u017cenia 2 \u0142y\u017cki oleju z pestek winogron, s\u00f3l, pieprz 1. Filety podzieli\u0107 na 4 kotlety i lekko zbi\u0107 t\u0142uczkiem nadaj\u0105c [&hellip;]<\/p>\n","protected":false},"author":2,"featured_media":0,"comment_status":"open","ping_status":"open","sticky":false,"template":"","format":"standard","meta":{"footnotes":""},"categories":[1],"tags":[],"_links":{"self":[{"href":"https:\/\/blog.polityka.pl\/adamczewski\/wp-json\/wp\/v2\/posts\/10402"}],"collection":[{"href":"https:\/\/blog.polityka.pl\/adamczewski\/wp-json\/wp\/v2\/posts"}],"about":[{"href":"https:\/\/blog.polityka.pl\/adamczewski\/wp-json\/wp\/v2\/types\/post"}],"author":[{"embeddable":true,"href":"https:\/\/blog.polityka.pl\/adamczewski\/wp-json\/wp\/v2\/users\/2"}],"replies":[{"embeddable":true,"href":"https:\/\/blog.polityka.pl\/adamczewski\/wp-json\/wp\/v2\/comments?post=10402"}],"version-history":[{"count":0,"href":"https:\/\/blog.polityka.pl\/adamczewski\/wp-json\/wp\/v2\/posts\/10402\/revisions"}],"wp:attachment":[{"href":"https:\/\/blog.polityka.pl\/adamczewski\/wp-json\/wp\/v2\/media?parent=10402"}],"wp:term":[{"taxonomy":"category","embeddable":true,"href":"https:\/\/blog.polityka.pl\/adamczewski\/wp-json\/wp\/v2\/categories?post=10402"},{"taxonomy":"post_tag","embeddable":true,"href":"https:\/\/blog.polityka.pl\/adamczewski\/wp-json\/wp\/v2\/tags?post=10402"}],"curies":[{"name":"wp","href":"https:\/\/api.w.org\/{rel}","templated":true}]}}