
{"id":10403,"date":"2009-11-06T07:14:56","date_gmt":"2009-11-06T06:14:56","guid":{"rendered":"http:\/\/adamczewscy.pl\/?p=2656"},"modified":"2009-11-06T07:14:56","modified_gmt":"2009-11-06T06:14:56","slug":"dorsz-lub-mintaj-w-smietanie","status":"publish","type":"post","link":"https:\/\/blog.polityka.pl\/adamczewski\/2009\/11\/06\/dorsz-lub-mintaj-w-smietanie\/","title":{"rendered":"Dorsz lub mintaj w \u015bmietanie"},"content":{"rendered":"<p><em>4 filety dorsza bez sk\u00f3ry, p\u00f3\u0142 szklanki mleka, s\u00f3l, pieprz, 2 \u0142y\u017cki maki, 5 \u0142y\u017cek oleju, szklanka 18-proc. \u015bmietany, 4 \u0142y\u017cki startego \u017c\u00f3\u0142tego sera, 2 \u0142y\u017cki posiekanej zielonej pietruszki. <\/em><\/p>\n<p>1. Filety umy\u0107, os\u0105czy\u0107, u\u0142o\u017cy\u0107 na p\u00f3\u0142misku i zala\u0107 mlekiem. Po 30 minutach wyj\u0105\u0107 filety z mleka, posypa\u0107 sol\u0105 i pieprzem. Od\u0142o\u017cy\u0107 na 15 minut.<br \/>\n2. Rozgrza\u0107 olej na patelni, filety obtoczy\u0107 w m\u0105ce i usma\u017cy\u0107 na z\u0142ocisto. U\u0142o\u017cy\u0107 w \u017caroodpornym naczyniu.<br \/>\n3. Filety zala\u0107 \u015bmietan\u0105, posypa\u0107 startym serem i zapieka\u0107 w nagrzanym do 180 st C piekarniku oko\u0142o 10 minut.  Podaj\u0105c posypa\u0107 posiekan\u0105 pietruszk\u0105. <\/p>\n","protected":false},"excerpt":{"rendered":"<p>4 filety dorsza bez sk\u00f3ry, p\u00f3\u0142 szklanki mleka, s\u00f3l, pieprz, 2 \u0142y\u017cki maki, 5 \u0142y\u017cek oleju, szklanka 18-proc. \u015bmietany, 4 \u0142y\u017cki startego \u017c\u00f3\u0142tego sera, 2 \u0142y\u017cki posiekanej zielonej pietruszki. 1. Filety umy\u0107, os\u0105czy\u0107, u\u0142o\u017cy\u0107 na p\u00f3\u0142misku i zala\u0107 mlekiem. Po 30 minutach wyj\u0105\u0107 filety z mleka, posypa\u0107 sol\u0105 i pieprzem. Od\u0142o\u017cy\u0107 na 15 minut. 2. [&hellip;]<\/p>\n","protected":false},"author":2,"featured_media":0,"comment_status":"open","ping_status":"open","sticky":false,"template":"","format":"standard","meta":{"footnotes":""},"categories":[1],"tags":[],"_links":{"self":[{"href":"https:\/\/blog.polityka.pl\/adamczewski\/wp-json\/wp\/v2\/posts\/10403"}],"collection":[{"href":"https:\/\/blog.polityka.pl\/adamczewski\/wp-json\/wp\/v2\/posts"}],"about":[{"href":"https:\/\/blog.polityka.pl\/adamczewski\/wp-json\/wp\/v2\/types\/post"}],"author":[{"embeddable":true,"href":"https:\/\/blog.polityka.pl\/adamczewski\/wp-json\/wp\/v2\/users\/2"}],"replies":[{"embeddable":true,"href":"https:\/\/blog.polityka.pl\/adamczewski\/wp-json\/wp\/v2\/comments?post=10403"}],"version-history":[{"count":0,"href":"https:\/\/blog.polityka.pl\/adamczewski\/wp-json\/wp\/v2\/posts\/10403\/revisions"}],"wp:attachment":[{"href":"https:\/\/blog.polityka.pl\/adamczewski\/wp-json\/wp\/v2\/media?parent=10403"}],"wp:term":[{"taxonomy":"category","embeddable":true,"href":"https:\/\/blog.polityka.pl\/adamczewski\/wp-json\/wp\/v2\/categories?post=10403"},{"taxonomy":"post_tag","embeddable":true,"href":"https:\/\/blog.polityka.pl\/adamczewski\/wp-json\/wp\/v2\/tags?post=10403"}],"curies":[{"name":"wp","href":"https:\/\/api.w.org\/{rel}","templated":true}]}}