
{"id":10404,"date":"2009-11-13T07:09:11","date_gmt":"2009-11-13T06:09:11","guid":{"rendered":"http:\/\/adamczewscy.pl\/?p=2658"},"modified":"2009-11-13T07:09:11","modified_gmt":"2009-11-13T06:09:11","slug":"zupa-grzybowo-jarzynowa","status":"publish","type":"post","link":"https:\/\/blog.polityka.pl\/adamczewski\/2009\/11\/13\/zupa-grzybowo-jarzynowa\/","title":{"rendered":"Zupa grzybowo-jarzynowa"},"content":{"rendered":"<p><em>20 dag borowik\u00f3w (mro\u017conych lub w sezonie \u015bwie\u017cych), 6 \u015brednich pomidor\u00f3w, 8 kromek chleba tostowego, 2 cebule, ca\u0142y seler naciowy, z\u0105bek czosnku, 5 \u0142y\u017cek oliwy, s\u00f3l, pieprz, kilka listk\u00f3w \u015bwie\u017cej mi\u0119ty, 2 jaja, 4 \u0142y\u017cki startego parmezanu. <\/em><\/p>\n<p>1. Posieka\u0107 drobno cebul\u0119, \u0142odygi selera na kawa\u0142ki, czosnek obra\u0107 i przekroi\u0107.<br \/>\n2. Na patelni rozgrza\u0107 oliw\u0119 i podsma\u017cy\u0107 na niej cebul\u0119, czosnek i selery.<br \/>\n3. Pomidory obra\u0107 ze sk\u00f3rki, usun\u0105\u0107 z nich pestki, pokroi\u0107 na kawa\u0142ki.<br \/>\n4. Grzyby pokroi\u0107 w plasterki.<br \/>\n5. Usun\u0105\u0107 z patelni czosnek, doda\u0107 grzyby a po chwili pomidory oraz listki mi\u0119ty. Prze\u0142o\u017cy\u0107  do garnka.<br \/>\n6. Wla\u0107 do warzyw i grzyb\u00f3w szklanki wody, doda\u0107 s\u00f3l i gotowa\u0107 oko\u0142o 30 minut.<br \/>\n7. Rozbe\u0142ta\u0107 jajka  z parmezanem, wla\u0107 do zupy odstawionej ju\u017c z ognia. Starannie wymiesza\u0107<br \/>\n8. Podpiec tosty w opiekaczu lub piekarniku, pouk\u0142ada\u0107 na talerzach, po czym wlewa\u0107 na nie zup\u0119. <\/p>\n","protected":false},"excerpt":{"rendered":"<p>20 dag borowik\u00f3w (mro\u017conych lub w sezonie \u015bwie\u017cych), 6 \u015brednich pomidor\u00f3w, 8 kromek chleba tostowego, 2 cebule, ca\u0142y seler naciowy, z\u0105bek czosnku, 5 \u0142y\u017cek oliwy, s\u00f3l, pieprz, kilka listk\u00f3w \u015bwie\u017cej mi\u0119ty, 2 jaja, 4 \u0142y\u017cki startego parmezanu. 1. Posieka\u0107 drobno cebul\u0119, \u0142odygi selera na kawa\u0142ki, czosnek obra\u0107 i przekroi\u0107. 2. Na patelni rozgrza\u0107 oliw\u0119 i [&hellip;]<\/p>\n","protected":false},"author":2,"featured_media":0,"comment_status":"open","ping_status":"open","sticky":false,"template":"","format":"standard","meta":{"footnotes":""},"categories":[1],"tags":[],"_links":{"self":[{"href":"https:\/\/blog.polityka.pl\/adamczewski\/wp-json\/wp\/v2\/posts\/10404"}],"collection":[{"href":"https:\/\/blog.polityka.pl\/adamczewski\/wp-json\/wp\/v2\/posts"}],"about":[{"href":"https:\/\/blog.polityka.pl\/adamczewski\/wp-json\/wp\/v2\/types\/post"}],"author":[{"embeddable":true,"href":"https:\/\/blog.polityka.pl\/adamczewski\/wp-json\/wp\/v2\/users\/2"}],"replies":[{"embeddable":true,"href":"https:\/\/blog.polityka.pl\/adamczewski\/wp-json\/wp\/v2\/comments?post=10404"}],"version-history":[{"count":0,"href":"https:\/\/blog.polityka.pl\/adamczewski\/wp-json\/wp\/v2\/posts\/10404\/revisions"}],"wp:attachment":[{"href":"https:\/\/blog.polityka.pl\/adamczewski\/wp-json\/wp\/v2\/media?parent=10404"}],"wp:term":[{"taxonomy":"category","embeddable":true,"href":"https:\/\/blog.polityka.pl\/adamczewski\/wp-json\/wp\/v2\/categories?post=10404"},{"taxonomy":"post_tag","embeddable":true,"href":"https:\/\/blog.polityka.pl\/adamczewski\/wp-json\/wp\/v2\/tags?post=10404"}],"curies":[{"name":"wp","href":"https:\/\/api.w.org\/{rel}","templated":true}]}}