
{"id":10405,"date":"2009-11-13T07:12:56","date_gmt":"2009-11-13T06:12:56","guid":{"rendered":"http:\/\/adamczewscy.pl\/?p=2659"},"modified":"2009-11-13T07:12:56","modified_gmt":"2009-11-13T06:12:56","slug":"zapiekanka-z-brokulow-marchwi-i-kurczaka","status":"publish","type":"post","link":"https:\/\/blog.polityka.pl\/adamczewski\/2009\/11\/13\/zapiekanka-z-brokulow-marchwi-i-kurczaka\/","title":{"rendered":"Zapiekanka z broku\u0142\u00f3w, marchwi i kurczaka"},"content":{"rendered":"<p><em>G\u0142\u00f3wka broku\u0142\u00f3w, paczka mini marchewek lub p\u0119czek m\u0142odej marchwi, podw\u00f3jna pier\u015b kurczaka, p\u00f3\u0142 szklanki roso\u0142u drobiowego lub wo\u0142owego (z kostki), 2 \u0142y\u017cki posiekanej \u015bwie\u017cej bazylii, 2 \u0142y\u017cki posiekanego \u015bwie\u017cego tymianku, 4 jaja, s\u00f3l, pieprz, szczypta mielonego cynamonu, 2 \u0142y\u017cki oliwy z oliwek. <\/em><\/p>\n<p>1. Broku\u0142 podzieli\u0107 na ma\u0142e kawa\u0142ki i obgotowa\u0107 we wrz\u0105cej wodzie 3 minuty, odcedzi\u0107.<br \/>\n2. Marchew obra\u0107 (je\u015bli jest taka potrzeba), wrzuci\u0107 do wrz\u0105tku i po minucie ods\u0105czy\u0107.<br \/>\n3. Mi\u0119so z piersi kurczaka pokroi\u0107 w drobn\u0105 kostk\u0119.<br \/>\n4. Posmarowa\u0107 oliw\u0105 naczynie do zapiekania, u\u0142o\u017cy\u0107 warstw\u0119 obgotowanych broku\u0142\u00f3w, posypa\u0107 zio\u0142ami, sol\u0105 i pieprzem, na niej warstw\u0119 marchwi, zn\u00f3w posypa\u0107 sol\u0105, pieprzem i zio\u0142ami i na wierzchu kostki kurczaka, posypa\u0107 sol\u0105 i pieprzem.<br \/>\n5. Ubi\u0107 jajka z roso\u0142em, sol\u0105, pieprzem i szczypt\u0105 cynamonu, pola\u0107 zapiekank\u0119 i zapieka\u0107 oko\u0142o 25 minut w piekarniku w temperaturze 180 st C. <\/p>\n<p>Doradzam ostro\u017cne stosowanie zi\u00f3\u0142, mo\u017cna pryz prawic zapiekank\u0119 mniejsz\u0105 ilo\u015bci\u0105 bazylii i tymianku, a je\u015bli u\u017cywa si\u0119 suszonych zi\u00f3\u0142 w\u00f3wczas bierzemy po\u0142ow\u0119 podanej ilo\u015bci.  <\/p>\n","protected":false},"excerpt":{"rendered":"<p>G\u0142\u00f3wka broku\u0142\u00f3w, paczka mini marchewek lub p\u0119czek m\u0142odej marchwi, podw\u00f3jna pier\u015b kurczaka, p\u00f3\u0142 szklanki roso\u0142u drobiowego lub wo\u0142owego (z kostki), 2 \u0142y\u017cki posiekanej \u015bwie\u017cej bazylii, 2 \u0142y\u017cki posiekanego \u015bwie\u017cego tymianku, 4 jaja, s\u00f3l, pieprz, szczypta mielonego cynamonu, 2 \u0142y\u017cki oliwy z oliwek. 1. Broku\u0142 podzieli\u0107 na ma\u0142e kawa\u0142ki i obgotowa\u0107 we wrz\u0105cej wodzie 3 minuty, [&hellip;]<\/p>\n","protected":false},"author":2,"featured_media":0,"comment_status":"open","ping_status":"open","sticky":false,"template":"","format":"standard","meta":{"footnotes":""},"categories":[1],"tags":[],"_links":{"self":[{"href":"https:\/\/blog.polityka.pl\/adamczewski\/wp-json\/wp\/v2\/posts\/10405"}],"collection":[{"href":"https:\/\/blog.polityka.pl\/adamczewski\/wp-json\/wp\/v2\/posts"}],"about":[{"href":"https:\/\/blog.polityka.pl\/adamczewski\/wp-json\/wp\/v2\/types\/post"}],"author":[{"embeddable":true,"href":"https:\/\/blog.polityka.pl\/adamczewski\/wp-json\/wp\/v2\/users\/2"}],"replies":[{"embeddable":true,"href":"https:\/\/blog.polityka.pl\/adamczewski\/wp-json\/wp\/v2\/comments?post=10405"}],"version-history":[{"count":0,"href":"https:\/\/blog.polityka.pl\/adamczewski\/wp-json\/wp\/v2\/posts\/10405\/revisions"}],"wp:attachment":[{"href":"https:\/\/blog.polityka.pl\/adamczewski\/wp-json\/wp\/v2\/media?parent=10405"}],"wp:term":[{"taxonomy":"category","embeddable":true,"href":"https:\/\/blog.polityka.pl\/adamczewski\/wp-json\/wp\/v2\/categories?post=10405"},{"taxonomy":"post_tag","embeddable":true,"href":"https:\/\/blog.polityka.pl\/adamczewski\/wp-json\/wp\/v2\/tags?post=10405"}],"curies":[{"name":"wp","href":"https:\/\/api.w.org\/{rel}","templated":true}]}}