
{"id":10406,"date":"2009-11-13T07:13:48","date_gmt":"2009-11-13T06:13:48","guid":{"rendered":"http:\/\/adamczewscy.pl\/?p=2660"},"modified":"2009-11-13T07:13:48","modified_gmt":"2009-11-13T06:13:48","slug":"serowy-kremowiec","status":"publish","type":"post","link":"https:\/\/blog.polityka.pl\/adamczewski\/2009\/11\/13\/serowy-kremowiec\/","title":{"rendered":"Serowy kremowiec"},"content":{"rendered":"<p><em>2 szklanki m\u0105ki, 2 szklanki cukru, p\u00f3\u0142 kostki mas\u0142a (12,5 dag), 5jaj, p\u00f3\u0142 \u0142y\u017ceczki proszku do pieczenia, szklanka mleka, cukier waniliowy, p\u00f3\u0142 szklanki wi\u00f3rk\u00f3w kokosowych, \u0142y\u017cka mas\u0142a do wysmarowania blaszki.<br \/>\nNa krem: szklanka serka homogenizowanego, p\u00f3\u0142 kostki mas\u0142a (12, 5 dag) szklanka \u0142uskanych orzech\u00f3w w\u0142oskich, 2 i p\u00f3\u0142 szklanki cukru-pudru. <\/em><\/p>\n<p>1. Utrze\u0107 mas\u0142o z cukrem dodaj\u0105c \u017c\u00f3\u0142tka.<br \/>\n2. M\u0105k\u0119 wymieszan\u0105 z proszkiem do pieczenia doda\u0107 do mas\u0142a, wraz z mlekiem, wi\u00f3rkami kokosowymi i cukrem waniliowym. Wymiesza\u0107.<br \/>\n3. Ubi\u0107 sztywn\u0105 pian\u0119 z bia\u0142ek, doda\u0107 do ciasta i jeszcze raz dok\u0142adnie cho\u0107 ostro\u017cnie wymiesza\u0107.<br \/>\n4. Prze\u0142o\u017cy\u0107 ciasto do wysmarowanej mas\u0142em blaszki i piec w temperaturze 180 st C oko\u0142o 40minut.<br \/>\n5. Wystudzone ciasto przekroi\u0107 poziomo na dwa placki.<br \/>\n6. Przygotowa\u0107 krem: zmiksowa\u0107 mas\u0142o z cukrem pudrem, serem, doda\u0107 siekane orzechy, wymiesza\u0107.<br \/>\n7. Prze\u0142o\u017cy\u0107 kremem ciasto, odstawi\u0107 do sch\u0142odzenia. <\/p>\n","protected":false},"excerpt":{"rendered":"<p>2 szklanki m\u0105ki, 2 szklanki cukru, p\u00f3\u0142 kostki mas\u0142a (12,5 dag), 5jaj, p\u00f3\u0142 \u0142y\u017ceczki proszku do pieczenia, szklanka mleka, cukier waniliowy, p\u00f3\u0142 szklanki wi\u00f3rk\u00f3w kokosowych, \u0142y\u017cka mas\u0142a do wysmarowania blaszki. Na krem: szklanka serka homogenizowanego, p\u00f3\u0142 kostki mas\u0142a (12, 5 dag) szklanka \u0142uskanych orzech\u00f3w w\u0142oskich, 2 i p\u00f3\u0142 szklanki cukru-pudru. 1. Utrze\u0107 mas\u0142o z cukrem [&hellip;]<\/p>\n","protected":false},"author":2,"featured_media":0,"comment_status":"open","ping_status":"open","sticky":false,"template":"","format":"standard","meta":{"footnotes":""},"categories":[1],"tags":[],"_links":{"self":[{"href":"https:\/\/blog.polityka.pl\/adamczewski\/wp-json\/wp\/v2\/posts\/10406"}],"collection":[{"href":"https:\/\/blog.polityka.pl\/adamczewski\/wp-json\/wp\/v2\/posts"}],"about":[{"href":"https:\/\/blog.polityka.pl\/adamczewski\/wp-json\/wp\/v2\/types\/post"}],"author":[{"embeddable":true,"href":"https:\/\/blog.polityka.pl\/adamczewski\/wp-json\/wp\/v2\/users\/2"}],"replies":[{"embeddable":true,"href":"https:\/\/blog.polityka.pl\/adamczewski\/wp-json\/wp\/v2\/comments?post=10406"}],"version-history":[{"count":0,"href":"https:\/\/blog.polityka.pl\/adamczewski\/wp-json\/wp\/v2\/posts\/10406\/revisions"}],"wp:attachment":[{"href":"https:\/\/blog.polityka.pl\/adamczewski\/wp-json\/wp\/v2\/media?parent=10406"}],"wp:term":[{"taxonomy":"category","embeddable":true,"href":"https:\/\/blog.polityka.pl\/adamczewski\/wp-json\/wp\/v2\/categories?post=10406"},{"taxonomy":"post_tag","embeddable":true,"href":"https:\/\/blog.polityka.pl\/adamczewski\/wp-json\/wp\/v2\/tags?post=10406"}],"curies":[{"name":"wp","href":"https:\/\/api.w.org\/{rel}","templated":true}]}}