
{"id":10407,"date":"2009-11-13T07:14:58","date_gmt":"2009-11-13T06:14:58","guid":{"rendered":"http:\/\/adamczewscy.pl\/?p=2661"},"modified":"2009-11-13T07:14:58","modified_gmt":"2009-11-13T06:14:58","slug":"placek-orientalny","status":"publish","type":"post","link":"https:\/\/blog.polityka.pl\/adamczewski\/2009\/11\/13\/placek-orientalny\/","title":{"rendered":"Placek orientalny"},"content":{"rendered":"<p><em>2 szklanki m\u0105ki, 2 szklanki cukru, kostka (25 dag) mas\u0142a, 4 jaja, \u0142y\u017cka proszku do pieczenia, 2 \u0142y\u017cki ciemnego kakao, 3 krople aromatu rumowego, 6 \u015bliwek suszonych, 2 jab\u0142ka, 2 gruszki, \u0142y\u017cka mas\u0142a do posmarowania blaszki. <\/em><\/p>\n<p>1. Mas\u0142o, cukier i kakao rozpu\u015bci\u0107 w garnku, ostudzi\u0107, odla\u0107 p\u00f3\u0142 szklanki p\u0142ynu.<br \/>\n2. Pokroi\u0107 w kostk\u0119 pozbawione pestek suszone \u015bliwki, obrane gruszki i jab\u0142ka.<br \/>\n3. Do pozosta\u0142ej w garnku masy doda\u0107 m\u0105k\u0119 wymieszan\u0105 z proszkiem do pieczenia, \u017c\u00f3\u0142tka oraz pokrojone owoce.<br \/>\n4. Ubi\u0107 z bia\u0142ek sztywn\u0105 pian\u0119 i doda\u0107 do ciasta, wymiesza\u0107.<br \/>\n5. Wysmarowa\u0107 mas\u0142em foremk\u0119 keksow\u0105 lub nieco wi\u0119ksz\u0105, przela\u0107 do niej ciasto i piec w temperaturze 200 st c oko\u0142o 50 minut. Wyj\u0119te z piekarnika ciasto wystudzi\u0107. Wyj\u0105\u0107 z formy.<br \/>\n6. Lekko ostudzone ciasto pola\u0107 odlanym na pocz\u0105tku p\u0142ynem, kt\u00f3ry zastygnie jako doskona\u0142a polewa. <\/p>\n","protected":false},"excerpt":{"rendered":"<p>2 szklanki m\u0105ki, 2 szklanki cukru, kostka (25 dag) mas\u0142a, 4 jaja, \u0142y\u017cka proszku do pieczenia, 2 \u0142y\u017cki ciemnego kakao, 3 krople aromatu rumowego, 6 \u015bliwek suszonych, 2 jab\u0142ka, 2 gruszki, \u0142y\u017cka mas\u0142a do posmarowania blaszki. 1. Mas\u0142o, cukier i kakao rozpu\u015bci\u0107 w garnku, ostudzi\u0107, odla\u0107 p\u00f3\u0142 szklanki p\u0142ynu. 2. Pokroi\u0107 w kostk\u0119 pozbawione pestek [&hellip;]<\/p>\n","protected":false},"author":2,"featured_media":0,"comment_status":"open","ping_status":"open","sticky":false,"template":"","format":"standard","meta":{"footnotes":""},"categories":[1],"tags":[],"_links":{"self":[{"href":"https:\/\/blog.polityka.pl\/adamczewski\/wp-json\/wp\/v2\/posts\/10407"}],"collection":[{"href":"https:\/\/blog.polityka.pl\/adamczewski\/wp-json\/wp\/v2\/posts"}],"about":[{"href":"https:\/\/blog.polityka.pl\/adamczewski\/wp-json\/wp\/v2\/types\/post"}],"author":[{"embeddable":true,"href":"https:\/\/blog.polityka.pl\/adamczewski\/wp-json\/wp\/v2\/users\/2"}],"replies":[{"embeddable":true,"href":"https:\/\/blog.polityka.pl\/adamczewski\/wp-json\/wp\/v2\/comments?post=10407"}],"version-history":[{"count":0,"href":"https:\/\/blog.polityka.pl\/adamczewski\/wp-json\/wp\/v2\/posts\/10407\/revisions"}],"wp:attachment":[{"href":"https:\/\/blog.polityka.pl\/adamczewski\/wp-json\/wp\/v2\/media?parent=10407"}],"wp:term":[{"taxonomy":"category","embeddable":true,"href":"https:\/\/blog.polityka.pl\/adamczewski\/wp-json\/wp\/v2\/categories?post=10407"},{"taxonomy":"post_tag","embeddable":true,"href":"https:\/\/blog.polityka.pl\/adamczewski\/wp-json\/wp\/v2\/tags?post=10407"}],"curies":[{"name":"wp","href":"https:\/\/api.w.org\/{rel}","templated":true}]}}