
{"id":10408,"date":"2009-11-13T07:15:52","date_gmt":"2009-11-13T06:15:52","guid":{"rendered":"http:\/\/adamczewscy.pl\/?p=2662"},"modified":"2009-11-13T07:15:52","modified_gmt":"2009-11-13T06:15:52","slug":"krem-marchewkowy-z-imbirem","status":"publish","type":"post","link":"https:\/\/blog.polityka.pl\/adamczewski\/2009\/11\/13\/krem-marchewkowy-z-imbirem\/","title":{"rendered":"Krem marchewkowy z imbirem"},"content":{"rendered":"<p><em>4 \u015brednie marchwie, cebula, 2 \u0142y\u017cki mas\u0142a, jak najmniejsza cebula, \u015brednia pietruszka, p\u00f3\u0142torej szklanki bulionu z kostki, p\u00f3\u0142 szklanki s\u0142odkiej niskoprocentowej \u015bmietanki, p\u00f3\u0142 \u0142y\u017ceczki startej na tarce sk\u00f3rki pomara\u0144czowej, \u0142y\u017cka startego na tarce imbiru, s\u00f3l, pieprz.<br \/>\n<\/em><br \/>\n1. Rozpu\u015bci\u0107 w garnku mas\u0142o. Cebule posieka\u0107 jak najdrobniej i zeszkli\u0107 na ma\u015ble.<br \/>\n2. Pokroi\u0107 w plasterki marchew i pietruszk\u0119, doda\u0107 do zeszklonej cebuli i pod przykrywk\u0105 dusi\u0107 na ma\u0142ym ogniu, a\u017c warzywa nieco zmi\u0119kn\u0105, czyli mniej wi\u0119cej kwadrans.<br \/>\n3. Do warzyw doda\u0107 bulion, imbir i sk\u00f3rk\u0119 pomara\u0144czow\u0105. Gotowa\u0107 oko\u0142o p\u00f3\u0142 godziny. Zmiksowa\u0107 na g\u0142adki krem. Doprawi\u0107 sol\u0105 i pieprzem.<br \/>\nPodawa\u0107 w fili\u017cankach, z grzankami z bu\u0142ki lub bez \u017cadnych dodatk\u00f3w. <\/p>\n","protected":false},"excerpt":{"rendered":"<p>4 \u015brednie marchwie, cebula, 2 \u0142y\u017cki mas\u0142a, jak najmniejsza cebula, \u015brednia pietruszka, p\u00f3\u0142torej szklanki bulionu z kostki, p\u00f3\u0142 szklanki s\u0142odkiej niskoprocentowej \u015bmietanki, p\u00f3\u0142 \u0142y\u017ceczki startej na tarce sk\u00f3rki pomara\u0144czowej, \u0142y\u017cka startego na tarce imbiru, s\u00f3l, pieprz. 1. Rozpu\u015bci\u0107 w garnku mas\u0142o. Cebule posieka\u0107 jak najdrobniej i zeszkli\u0107 na ma\u015ble. 2. Pokroi\u0107 w plasterki marchew i [&hellip;]<\/p>\n","protected":false},"author":2,"featured_media":0,"comment_status":"open","ping_status":"open","sticky":false,"template":"","format":"standard","meta":{"footnotes":""},"categories":[1],"tags":[],"_links":{"self":[{"href":"https:\/\/blog.polityka.pl\/adamczewski\/wp-json\/wp\/v2\/posts\/10408"}],"collection":[{"href":"https:\/\/blog.polityka.pl\/adamczewski\/wp-json\/wp\/v2\/posts"}],"about":[{"href":"https:\/\/blog.polityka.pl\/adamczewski\/wp-json\/wp\/v2\/types\/post"}],"author":[{"embeddable":true,"href":"https:\/\/blog.polityka.pl\/adamczewski\/wp-json\/wp\/v2\/users\/2"}],"replies":[{"embeddable":true,"href":"https:\/\/blog.polityka.pl\/adamczewski\/wp-json\/wp\/v2\/comments?post=10408"}],"version-history":[{"count":0,"href":"https:\/\/blog.polityka.pl\/adamczewski\/wp-json\/wp\/v2\/posts\/10408\/revisions"}],"wp:attachment":[{"href":"https:\/\/blog.polityka.pl\/adamczewski\/wp-json\/wp\/v2\/media?parent=10408"}],"wp:term":[{"taxonomy":"category","embeddable":true,"href":"https:\/\/blog.polityka.pl\/adamczewski\/wp-json\/wp\/v2\/categories?post=10408"},{"taxonomy":"post_tag","embeddable":true,"href":"https:\/\/blog.polityka.pl\/adamczewski\/wp-json\/wp\/v2\/tags?post=10408"}],"curies":[{"name":"wp","href":"https:\/\/api.w.org\/{rel}","templated":true}]}}