
{"id":10413,"date":"2009-11-19T22:55:10","date_gmt":"2009-11-19T21:55:10","guid":{"rendered":"http:\/\/adamczewscy.pl\/?p=2668"},"modified":"2009-11-19T22:55:10","modified_gmt":"2009-11-19T21:55:10","slug":"rolady-miesno-orzechowe","status":"publish","type":"post","link":"https:\/\/blog.polityka.pl\/adamczewski\/2009\/11\/19\/rolady-miesno-orzechowe\/","title":{"rendered":"Rolady mi\u0119sno-orzechowe"},"content":{"rendered":"<p><em>50 dag mi\u0119sa z szynki wieprzowej lub schabu bez ko\u015bci, szklanka posiekanych w\u0142oskich orzech\u00f3w, 3 \u0142y\u017cki startego chrzanu (mo\u017ce by\u0107 ze s\u0142oiczka), 3 \u0142y\u017cki g\u0119stej \u015bmietany,  2 jaja, szklanka startego \u017c\u00f3\u0142tego sera, s\u00f3l, pieprz.<br \/>\nDo panierowania: jajo, 3 \u0142y\u017cki tartej bu\u0142ki.<br \/>\nDo sma\u017cenia: 6 \u0142y\u017cek oleju lub oliwy. <\/em><\/p>\n<p>1. Mi\u0119so umy\u0107, osuszy\u0107, pokroi\u0107 w plastry i rozbi\u0107 t\u0142uczkiem do mi\u0119sa. Lekko posoli\u0107.<br \/>\n2. Przygotowa\u0107 farsz: wymiesza\u0107 chrzan, \u015bmietan\u0119, orzechy i jajko, doprawi\u0107 sol\u0105 i pieprzem.<br \/>\n3. Plastry mi\u0119sa posmarowa\u0107 farszem, po czym zwin\u0105\u0107 rolady i brzegi spi\u0105\u0107 wyka\u0142aczkami.<br \/>\n4. Jaja rozbi\u0107 widelcem z 2 \u0142y\u017ckami wody. Najpierw macza\u0107 rolady w rozbitych jajach, potem w wysypanej na talerzyk tartej bu\u0142ce.<br \/>\n5. Rozgrza\u0107 olej na patelni, sma\u017cy\u0107 rolady ze wszystkich stron na ciemnoz\u0142oto. <\/p>\n","protected":false},"excerpt":{"rendered":"<p>50 dag mi\u0119sa z szynki wieprzowej lub schabu bez ko\u015bci, szklanka posiekanych w\u0142oskich orzech\u00f3w, 3 \u0142y\u017cki startego chrzanu (mo\u017ce by\u0107 ze s\u0142oiczka), 3 \u0142y\u017cki g\u0119stej \u015bmietany, 2 jaja, szklanka startego \u017c\u00f3\u0142tego sera, s\u00f3l, pieprz. Do panierowania: jajo, 3 \u0142y\u017cki tartej bu\u0142ki. Do sma\u017cenia: 6 \u0142y\u017cek oleju lub oliwy. 1. Mi\u0119so umy\u0107, osuszy\u0107, pokroi\u0107 w plastry [&hellip;]<\/p>\n","protected":false},"author":2,"featured_media":0,"comment_status":"open","ping_status":"open","sticky":false,"template":"","format":"standard","meta":{"footnotes":""},"categories":[1],"tags":[],"_links":{"self":[{"href":"https:\/\/blog.polityka.pl\/adamczewski\/wp-json\/wp\/v2\/posts\/10413"}],"collection":[{"href":"https:\/\/blog.polityka.pl\/adamczewski\/wp-json\/wp\/v2\/posts"}],"about":[{"href":"https:\/\/blog.polityka.pl\/adamczewski\/wp-json\/wp\/v2\/types\/post"}],"author":[{"embeddable":true,"href":"https:\/\/blog.polityka.pl\/adamczewski\/wp-json\/wp\/v2\/users\/2"}],"replies":[{"embeddable":true,"href":"https:\/\/blog.polityka.pl\/adamczewski\/wp-json\/wp\/v2\/comments?post=10413"}],"version-history":[{"count":0,"href":"https:\/\/blog.polityka.pl\/adamczewski\/wp-json\/wp\/v2\/posts\/10413\/revisions"}],"wp:attachment":[{"href":"https:\/\/blog.polityka.pl\/adamczewski\/wp-json\/wp\/v2\/media?parent=10413"}],"wp:term":[{"taxonomy":"category","embeddable":true,"href":"https:\/\/blog.polityka.pl\/adamczewski\/wp-json\/wp\/v2\/categories?post=10413"},{"taxonomy":"post_tag","embeddable":true,"href":"https:\/\/blog.polityka.pl\/adamczewski\/wp-json\/wp\/v2\/tags?post=10413"}],"curies":[{"name":"wp","href":"https:\/\/api.w.org\/{rel}","templated":true}]}}