
{"id":10415,"date":"2009-11-19T22:57:11","date_gmt":"2009-11-19T21:57:11","guid":{"rendered":"http:\/\/adamczewscy.pl\/?p=2670"},"modified":"2009-11-19T22:57:11","modified_gmt":"2009-11-19T21:57:11","slug":"placki-ziemniaczane-z-grzybami","status":"publish","type":"post","link":"https:\/\/blog.polityka.pl\/adamczewski\/2009\/11\/19\/placki-ziemniaczane-z-grzybami\/","title":{"rendered":"Placki ziemniaczane z grzybami"},"content":{"rendered":"<p><em>1 kg ziemniak\u00f3w, cebula, 3 \u0142y\u017cki m\u0105ki pszennej, jajo, s\u00f3l, pieprz, 4 spore suszone grzyby lub 30 dag \u015bwie\u017cych podgrzybk\u00f3w albo tyle\u017c mro\u017conych, p\u00f3\u0142 szklanki oleju do sma\u017cenia. <\/em><\/p>\n<p>1. Przygotowa\u0107 grzyby: je\u017celi u\u017cywamy suszonych  nale\u017cy je na kilka godzin namoczy\u0107, po czym ugotowa\u0107 do mi\u0119kko\u015bci, ostudzi\u0107 i pokroi\u0107. \u015awie\u017ce grzyby wystarczy pokroi\u0107 w plasterki. Mro\u017cone nale\u017cy rozmrozi\u0107 i ods\u0105czy\u0107, pokroi\u0107 na plasterki.<br \/>\n2. Ziemniaki obra\u0107, umy\u0107, zetrze\u0107 razem z obran\u0105 cebul\u0105 na tarce jarzynowej o drobniejszych oczkach. Do startych ziemniak\u00f3w doda\u0107 jajko, m\u0105k\u0119, s\u00f3l i pieprz. Na koniec doda\u0107 rozdrobnione grzyby i dok\u0142adnie wymiesza\u0107.<br \/>\n3. Na rozgrzanym oleju sma\u017cy\u0107 na z\u0142ocisto niewielkie, p\u0142askie, owalne placuszki. <\/p>\n","protected":false},"excerpt":{"rendered":"<p>1 kg ziemniak\u00f3w, cebula, 3 \u0142y\u017cki m\u0105ki pszennej, jajo, s\u00f3l, pieprz, 4 spore suszone grzyby lub 30 dag \u015bwie\u017cych podgrzybk\u00f3w albo tyle\u017c mro\u017conych, p\u00f3\u0142 szklanki oleju do sma\u017cenia. 1. Przygotowa\u0107 grzyby: je\u017celi u\u017cywamy suszonych nale\u017cy je na kilka godzin namoczy\u0107, po czym ugotowa\u0107 do mi\u0119kko\u015bci, ostudzi\u0107 i pokroi\u0107. \u015awie\u017ce grzyby wystarczy pokroi\u0107 w plasterki. Mro\u017cone [&hellip;]<\/p>\n","protected":false},"author":2,"featured_media":0,"comment_status":"open","ping_status":"open","sticky":false,"template":"","format":"standard","meta":{"footnotes":""},"categories":[1],"tags":[],"_links":{"self":[{"href":"https:\/\/blog.polityka.pl\/adamczewski\/wp-json\/wp\/v2\/posts\/10415"}],"collection":[{"href":"https:\/\/blog.polityka.pl\/adamczewski\/wp-json\/wp\/v2\/posts"}],"about":[{"href":"https:\/\/blog.polityka.pl\/adamczewski\/wp-json\/wp\/v2\/types\/post"}],"author":[{"embeddable":true,"href":"https:\/\/blog.polityka.pl\/adamczewski\/wp-json\/wp\/v2\/users\/2"}],"replies":[{"embeddable":true,"href":"https:\/\/blog.polityka.pl\/adamczewski\/wp-json\/wp\/v2\/comments?post=10415"}],"version-history":[{"count":0,"href":"https:\/\/blog.polityka.pl\/adamczewski\/wp-json\/wp\/v2\/posts\/10415\/revisions"}],"wp:attachment":[{"href":"https:\/\/blog.polityka.pl\/adamczewski\/wp-json\/wp\/v2\/media?parent=10415"}],"wp:term":[{"taxonomy":"category","embeddable":true,"href":"https:\/\/blog.polityka.pl\/adamczewski\/wp-json\/wp\/v2\/categories?post=10415"},{"taxonomy":"post_tag","embeddable":true,"href":"https:\/\/blog.polityka.pl\/adamczewski\/wp-json\/wp\/v2\/tags?post=10415"}],"curies":[{"name":"wp","href":"https:\/\/api.w.org\/{rel}","templated":true}]}}