
{"id":10417,"date":"2009-11-27T07:38:28","date_gmt":"2009-11-27T06:38:28","guid":{"rendered":"http:\/\/adamczewscy.pl\/?p=2673"},"modified":"2009-11-27T07:38:28","modified_gmt":"2009-11-27T06:38:28","slug":"ciasto-%e2%80%9enie-do-wiary%e2%80%9d","status":"publish","type":"post","link":"https:\/\/blog.polityka.pl\/adamczewski\/2009\/11\/27\/ciasto-%e2%80%9enie-do-wiary%e2%80%9d\/","title":{"rendered":"Ciasto ?nie do wiary?"},"content":{"rendered":"<p><em>2 szklanki mleka, p\u00f3\u0142 szklanki kaszy manny, p\u00f3\u0142 szklanki cukru pudru,  ew. p\u00f3\u0142 torebeczki cukru waniliowego, p\u00f3\u0142 kostki (125 g) mas\u0142a, 2 kopiaste \u0142y\u017cki ciemnego kakao, 4 opakowania herbatnik\u00f3w petit beurre, tabliczka bia\u0142ej lub mlecznej czekolady i 2 \u0142y\u017cki p\u0142atk\u00f3w migda\u0142owych. <\/em><\/p>\n<p>1. Zagotowa\u0107 mleko wraz z mas\u0142em oraz kakao i ewentualnie r\u00f3wnie\u017c z cukrem waniliowym. Do wrz\u0105cego wsypywa\u0107 mieszaj\u0105c kasz\u0119 mann\u0119. Uwa\u017ca\u0107, aby nie porobi\u0142y si\u0119 grudki. Kiedy zg\u0119stnieje &#8211; ostudzi\u0107.<br \/>\n2. Herbatniki podzieli\u0107 w ten spos\u00f3b, aby mo\u017cna u\u0142o\u017cy\u0107 z nich trzy warstwy. Na pierwszej u\u0142o\u017conej warstwie rozsmarowa\u0107 ostudzon\u0105 mas\u0119, na niej uk\u0142ada\u0107 kolejne herbatniki, zn\u00f3w mas\u0119 i na wierzch zn\u00f3w warstw\u0119 herbatnik\u00f3w.<br \/>\n3. Czekolad\u0119 pokruszy\u0107, w\u0142o\u017cy\u0107 do garnuszka, kt\u00f3ry wstawi\u0107 w wi\u0119kszy, nape\u0142niony do po\u0142owy wod\u0105, podgrzewaj\u0105c rozpuszcza\u0107 czekolad\u0119, po czym p\u0142ynn\u0105 wyla\u0107 na ciasto i rozsmarowa\u0107, posypa\u0107 p\u0142atkami migda\u0142owymi.<br \/>\nCiasto naj\u0142atwiej pokroi\u0107 na kawa\u0142ki r\u00f3wne wielko\u015bci\u0105 herbatnikom, ale dobrze ozi\u0119bione daje si\u0119 pokroi\u0107 na mniejsze porcje. <\/p>\n","protected":false},"excerpt":{"rendered":"<p>2 szklanki mleka, p\u00f3\u0142 szklanki kaszy manny, p\u00f3\u0142 szklanki cukru pudru, ew. p\u00f3\u0142 torebeczki cukru waniliowego, p\u00f3\u0142 kostki (125 g) mas\u0142a, 2 kopiaste \u0142y\u017cki ciemnego kakao, 4 opakowania herbatnik\u00f3w petit beurre, tabliczka bia\u0142ej lub mlecznej czekolady i 2 \u0142y\u017cki p\u0142atk\u00f3w migda\u0142owych. 1. Zagotowa\u0107 mleko wraz z mas\u0142em oraz kakao i ewentualnie r\u00f3wnie\u017c z cukrem waniliowym. [&hellip;]<\/p>\n","protected":false},"author":2,"featured_media":0,"comment_status":"open","ping_status":"open","sticky":false,"template":"","format":"standard","meta":{"footnotes":""},"categories":[1],"tags":[],"_links":{"self":[{"href":"https:\/\/blog.polityka.pl\/adamczewski\/wp-json\/wp\/v2\/posts\/10417"}],"collection":[{"href":"https:\/\/blog.polityka.pl\/adamczewski\/wp-json\/wp\/v2\/posts"}],"about":[{"href":"https:\/\/blog.polityka.pl\/adamczewski\/wp-json\/wp\/v2\/types\/post"}],"author":[{"embeddable":true,"href":"https:\/\/blog.polityka.pl\/adamczewski\/wp-json\/wp\/v2\/users\/2"}],"replies":[{"embeddable":true,"href":"https:\/\/blog.polityka.pl\/adamczewski\/wp-json\/wp\/v2\/comments?post=10417"}],"version-history":[{"count":0,"href":"https:\/\/blog.polityka.pl\/adamczewski\/wp-json\/wp\/v2\/posts\/10417\/revisions"}],"wp:attachment":[{"href":"https:\/\/blog.polityka.pl\/adamczewski\/wp-json\/wp\/v2\/media?parent=10417"}],"wp:term":[{"taxonomy":"category","embeddable":true,"href":"https:\/\/blog.polityka.pl\/adamczewski\/wp-json\/wp\/v2\/categories?post=10417"},{"taxonomy":"post_tag","embeddable":true,"href":"https:\/\/blog.polityka.pl\/adamczewski\/wp-json\/wp\/v2\/tags?post=10417"}],"curies":[{"name":"wp","href":"https:\/\/api.w.org\/{rel}","templated":true}]}}