
{"id":10419,"date":"2009-11-27T07:41:53","date_gmt":"2009-11-27T06:41:53","guid":{"rendered":"http:\/\/adamczewscy.pl\/?p=2675"},"modified":"2009-11-27T07:41:53","modified_gmt":"2009-11-27T06:41:53","slug":"poledwiczki-wieprzowe-w-sosie-serowym","status":"publish","type":"post","link":"https:\/\/blog.polityka.pl\/adamczewski\/2009\/11\/27\/poledwiczki-wieprzowe-w-sosie-serowym\/","title":{"rendered":"Pol\u0119dwiczki wieprzowe w sosie serowym"},"content":{"rendered":"<p><em>2 ma\u0142e lub jedna du\u017ca pol\u0119dwiczka wieprzowa, 2 sery topione (np. ?z\u0142oty ementaler?), \u0142y\u017ceczka siekanego tymianku (je\u015bli u\u017cywamy suszonego-p\u00f3\u0142 \u0142y\u017ceczki), p\u00f3\u0142 szklanki \u015bmietany, jajo, z\u0105bek czosnku, 2 \u0142y\u017cki oleju, s\u00f3l, pieprz. <\/em><\/p>\n<p>1. Pol\u0119dwic\u0119 pokroi\u0107 na centymetrowej grubo\u015bci plasterki.<br \/>\n2. P\u00f3l, misek \u017caroodporny wysmarowa\u0107 olejem, pouk\u0142ada\u0107 na nim plasterki mi\u0119sa, skropi\u0107 mniej wi\u0119cej \u0142y\u017ck\u0105 oleju, posypa\u0107 pieprzem i sol\u0105 i wstawi\u0107 do piekarnika o temperaturze 180 st C. Zapieka\u0107 10 minut.<br \/>\n3. Zmiksowa\u0107 \u015bmietan\u0119 z pokrojonymi na drobne kawa\u0142ki serkami, jajem i przeci\u015bni\u0119tym przez prask\u0119 czosnkiem. Sosem zala\u0107 podpieczone mi\u0119so.<br \/>\n4. Zapieka\u0107 potraw\u0119 oko\u0142o 10 minut w temperaturze 200 st C. <\/p>\n","protected":false},"excerpt":{"rendered":"<p>2 ma\u0142e lub jedna du\u017ca pol\u0119dwiczka wieprzowa, 2 sery topione (np. ?z\u0142oty ementaler?), \u0142y\u017ceczka siekanego tymianku (je\u015bli u\u017cywamy suszonego-p\u00f3\u0142 \u0142y\u017ceczki), p\u00f3\u0142 szklanki \u015bmietany, jajo, z\u0105bek czosnku, 2 \u0142y\u017cki oleju, s\u00f3l, pieprz. 1. Pol\u0119dwic\u0119 pokroi\u0107 na centymetrowej grubo\u015bci plasterki. 2. P\u00f3l, misek \u017caroodporny wysmarowa\u0107 olejem, pouk\u0142ada\u0107 na nim plasterki mi\u0119sa, skropi\u0107 mniej wi\u0119cej \u0142y\u017ck\u0105 oleju, posypa\u0107 [&hellip;]<\/p>\n","protected":false},"author":2,"featured_media":0,"comment_status":"open","ping_status":"open","sticky":false,"template":"","format":"standard","meta":{"footnotes":""},"categories":[1],"tags":[],"_links":{"self":[{"href":"https:\/\/blog.polityka.pl\/adamczewski\/wp-json\/wp\/v2\/posts\/10419"}],"collection":[{"href":"https:\/\/blog.polityka.pl\/adamczewski\/wp-json\/wp\/v2\/posts"}],"about":[{"href":"https:\/\/blog.polityka.pl\/adamczewski\/wp-json\/wp\/v2\/types\/post"}],"author":[{"embeddable":true,"href":"https:\/\/blog.polityka.pl\/adamczewski\/wp-json\/wp\/v2\/users\/2"}],"replies":[{"embeddable":true,"href":"https:\/\/blog.polityka.pl\/adamczewski\/wp-json\/wp\/v2\/comments?post=10419"}],"version-history":[{"count":0,"href":"https:\/\/blog.polityka.pl\/adamczewski\/wp-json\/wp\/v2\/posts\/10419\/revisions"}],"wp:attachment":[{"href":"https:\/\/blog.polityka.pl\/adamczewski\/wp-json\/wp\/v2\/media?parent=10419"}],"wp:term":[{"taxonomy":"category","embeddable":true,"href":"https:\/\/blog.polityka.pl\/adamczewski\/wp-json\/wp\/v2\/categories?post=10419"},{"taxonomy":"post_tag","embeddable":true,"href":"https:\/\/blog.polityka.pl\/adamczewski\/wp-json\/wp\/v2\/tags?post=10419"}],"curies":[{"name":"wp","href":"https:\/\/api.w.org\/{rel}","templated":true}]}}