
{"id":10420,"date":"2009-11-27T07:43:02","date_gmt":"2009-11-27T06:43:02","guid":{"rendered":"http:\/\/adamczewscy.pl\/?p=2676"},"modified":"2009-11-27T07:43:02","modified_gmt":"2009-11-27T06:43:02","slug":"kurczak-%e2%80%9edwuetapowy%e2%80%9d","status":"publish","type":"post","link":"https:\/\/blog.polityka.pl\/adamczewski\/2009\/11\/27\/kurczak-%e2%80%9edwuetapowy%e2%80%9d\/","title":{"rendered":"Kurczak ?dwuetapowy?"},"content":{"rendered":"<p><em>Na pierwszy etap: 2 du\u017ce podw\u00f3jne filety z kurcz\u0119cej piersi, p\u00f3\u0142 szklanki m\u0105ki, 3 jaja, s\u00f3l, pieprz, p\u00f3\u0142 szklanki oleju.<br \/>\nNa polew\u0119 w drugim etapie: 6 \u0142y\u017cek sosu sojowego, 6 \u0142y\u017cek p\u0142ynnego miodu, 2 z\u0105bki czosnku, \u0142y\u017cka wytrawnego bia\u0142ego wina, szczypta mielonego imbiru.<br \/>\nDo posypania: \u0142y\u017cka sezamu. <\/em><\/p>\n<p>1. Filety pokroi\u0107 w cienkie plasterki w poprzek w\u0142\u00f3kien.<br \/>\n2. Jaja rozbi\u0107 w miseczce. Macza\u0107 plasterki mi\u0119sa w rozbitych jajach, nast\u0119pnie w m\u0105ce i sma\u017cy\u0107 na rozgrzanym oleju, w trakcie sma\u017cenia posypuj\u0105c pieprzem i sol\u0105.<br \/>\n3. Wymiesza\u0107 sk\u0142adniki polewy, po czym zanurza\u0107 w niej na chwil\u0119 ka\u017cdy kawa\u0142ek usma\u017conego kurczaka i uk\u0142ada\u0107 w \u017caroodpornym naczyniu, posypa\u0107 po wierzchu sezamem.<br \/>\n4. Rozgrza\u0107 piekarnik do temperatury 200 st c i piec oko\u0142o 20 minut skrapiaj\u0105c pozosta\u0142\u0105 polew\u0105. <\/p>\n","protected":false},"excerpt":{"rendered":"<p>Na pierwszy etap: 2 du\u017ce podw\u00f3jne filety z kurcz\u0119cej piersi, p\u00f3\u0142 szklanki m\u0105ki, 3 jaja, s\u00f3l, pieprz, p\u00f3\u0142 szklanki oleju. Na polew\u0119 w drugim etapie: 6 \u0142y\u017cek sosu sojowego, 6 \u0142y\u017cek p\u0142ynnego miodu, 2 z\u0105bki czosnku, \u0142y\u017cka wytrawnego bia\u0142ego wina, szczypta mielonego imbiru. Do posypania: \u0142y\u017cka sezamu. 1. Filety pokroi\u0107 w cienkie plasterki w poprzek [&hellip;]<\/p>\n","protected":false},"author":2,"featured_media":0,"comment_status":"open","ping_status":"open","sticky":false,"template":"","format":"standard","meta":{"footnotes":""},"categories":[1],"tags":[],"_links":{"self":[{"href":"https:\/\/blog.polityka.pl\/adamczewski\/wp-json\/wp\/v2\/posts\/10420"}],"collection":[{"href":"https:\/\/blog.polityka.pl\/adamczewski\/wp-json\/wp\/v2\/posts"}],"about":[{"href":"https:\/\/blog.polityka.pl\/adamczewski\/wp-json\/wp\/v2\/types\/post"}],"author":[{"embeddable":true,"href":"https:\/\/blog.polityka.pl\/adamczewski\/wp-json\/wp\/v2\/users\/2"}],"replies":[{"embeddable":true,"href":"https:\/\/blog.polityka.pl\/adamczewski\/wp-json\/wp\/v2\/comments?post=10420"}],"version-history":[{"count":0,"href":"https:\/\/blog.polityka.pl\/adamczewski\/wp-json\/wp\/v2\/posts\/10420\/revisions"}],"wp:attachment":[{"href":"https:\/\/blog.polityka.pl\/adamczewski\/wp-json\/wp\/v2\/media?parent=10420"}],"wp:term":[{"taxonomy":"category","embeddable":true,"href":"https:\/\/blog.polityka.pl\/adamczewski\/wp-json\/wp\/v2\/categories?post=10420"},{"taxonomy":"post_tag","embeddable":true,"href":"https:\/\/blog.polityka.pl\/adamczewski\/wp-json\/wp\/v2\/tags?post=10420"}],"curies":[{"name":"wp","href":"https:\/\/api.w.org\/{rel}","templated":true}]}}