
{"id":10421,"date":"2009-11-27T07:43:49","date_gmt":"2009-11-27T06:43:49","guid":{"rendered":"http:\/\/adamczewscy.pl\/?p=2677"},"modified":"2009-11-27T07:43:49","modified_gmt":"2009-11-27T06:43:49","slug":"czekoladowe-mufinki","status":"publish","type":"post","link":"https:\/\/blog.polityka.pl\/adamczewski\/2009\/11\/27\/czekoladowe-mufinki\/","title":{"rendered":"Czekoladowe mufinki"},"content":{"rendered":"<p><em>P\u00f3\u0142torej tabliczki deserowej czekolady, p\u00f3\u0142 kostki (125 g) mas\u0142a, 3\/4 szklanki cukru, torebeczka cukru waniliowego, 3 jaja, szklanka m\u0105ki, \u0142y\u017ceczka proszku do pieczenia. 12 ? 14 papierowych foremek do mufinek. <\/em><\/p>\n<p>1. Pokruszon\u0105 na drobne kawa\u0142ki czekolad\u0119 wrzuci\u0107 wraz z mas\u0142em do garnka o grubym dnie. Rozgrza\u0107. Przela\u0107 do miski.<br \/>\n2. Do czekolady doda\u0107 cukier waniliowy i zwyk\u0142y i uciera\u0107, a\u017c si\u0119 rozpuszcz\u0105.<br \/>\n3. Do masy doda\u0107 m\u0105k\u0119 i jaja oraz proszek do pieczenia, dok\u0142adnie wymiesza\u0107.<br \/>\n4. Foremki do mufinek nape\u0142nia\u0107 do 3\/4 wysoko\u015bci i piec 20 minut w temperaturze 175 st C.<br \/>\nDla wyj\u0105tkowych smakoszy mo\u017cna przygotowa\u0107 bit\u0105 \u015bmietan\u0119, jako dodatek do mufinek. <\/p>\n","protected":false},"excerpt":{"rendered":"<p>P\u00f3\u0142torej tabliczki deserowej czekolady, p\u00f3\u0142 kostki (125 g) mas\u0142a, 3\/4 szklanki cukru, torebeczka cukru waniliowego, 3 jaja, szklanka m\u0105ki, \u0142y\u017ceczka proszku do pieczenia. 12 ? 14 papierowych foremek do mufinek. 1. Pokruszon\u0105 na drobne kawa\u0142ki czekolad\u0119 wrzuci\u0107 wraz z mas\u0142em do garnka o grubym dnie. Rozgrza\u0107. Przela\u0107 do miski. 2. Do czekolady doda\u0107 cukier waniliowy [&hellip;]<\/p>\n","protected":false},"author":2,"featured_media":0,"comment_status":"open","ping_status":"open","sticky":false,"template":"","format":"standard","meta":{"footnotes":""},"categories":[1],"tags":[],"_links":{"self":[{"href":"https:\/\/blog.polityka.pl\/adamczewski\/wp-json\/wp\/v2\/posts\/10421"}],"collection":[{"href":"https:\/\/blog.polityka.pl\/adamczewski\/wp-json\/wp\/v2\/posts"}],"about":[{"href":"https:\/\/blog.polityka.pl\/adamczewski\/wp-json\/wp\/v2\/types\/post"}],"author":[{"embeddable":true,"href":"https:\/\/blog.polityka.pl\/adamczewski\/wp-json\/wp\/v2\/users\/2"}],"replies":[{"embeddable":true,"href":"https:\/\/blog.polityka.pl\/adamczewski\/wp-json\/wp\/v2\/comments?post=10421"}],"version-history":[{"count":0,"href":"https:\/\/blog.polityka.pl\/adamczewski\/wp-json\/wp\/v2\/posts\/10421\/revisions"}],"wp:attachment":[{"href":"https:\/\/blog.polityka.pl\/adamczewski\/wp-json\/wp\/v2\/media?parent=10421"}],"wp:term":[{"taxonomy":"category","embeddable":true,"href":"https:\/\/blog.polityka.pl\/adamczewski\/wp-json\/wp\/v2\/categories?post=10421"},{"taxonomy":"post_tag","embeddable":true,"href":"https:\/\/blog.polityka.pl\/adamczewski\/wp-json\/wp\/v2\/tags?post=10421"}],"curies":[{"name":"wp","href":"https:\/\/api.w.org\/{rel}","templated":true}]}}