
{"id":10443,"date":"2009-12-18T07:08:43","date_gmt":"2009-12-18T06:08:43","guid":{"rendered":"http:\/\/adamczewscy.pl\/?p=2704"},"modified":"2009-12-18T07:08:43","modified_gmt":"2009-12-18T06:08:43","slug":"cykoria-z-jablkiem-i-orzechami","status":"publish","type":"post","link":"https:\/\/blog.polityka.pl\/adamczewski\/2009\/12\/18\/cykoria-z-jablkiem-i-orzechami\/","title":{"rendered":"Cykoria z jab\u0142kiem i orzechami"},"content":{"rendered":"<p><em>2 kolby cykorii, jab\u0142ko, 4 po\u0142\u00f3wki orzecha w\u0142oskiego, ma\u0142y jogurt naturalny, \u0142y\u017cka soku cytrynowego, s\u00f3l, cukier i pieprz do smaku. <\/em><\/p>\n<p>1. Cykori\u0119 podzieli\u0107 na listki, pokroi\u0107 na centymetrowe paski.<br \/>\n2. Jab\u0142ko obra\u0107, pokroi\u0107 w kostk\u0119, orzechy posieka\u0107 niezbyt drobno.<br \/>\n3. Wymiesza\u0107 jogurt w sokiem, cukrem, sol\u0105 i pieprzem do smaku.<br \/>\n4. Wymiesza\u0107 cykori\u0119, jab\u0142ka, orzechy i sos jogurtowy. <\/p>\n","protected":false},"excerpt":{"rendered":"<p>2 kolby cykorii, jab\u0142ko, 4 po\u0142\u00f3wki orzecha w\u0142oskiego, ma\u0142y jogurt naturalny, \u0142y\u017cka soku cytrynowego, s\u00f3l, cukier i pieprz do smaku. 1. Cykori\u0119 podzieli\u0107 na listki, pokroi\u0107 na centymetrowe paski. 2. Jab\u0142ko obra\u0107, pokroi\u0107 w kostk\u0119, orzechy posieka\u0107 niezbyt drobno. 3. Wymiesza\u0107 jogurt w sokiem, cukrem, sol\u0105 i pieprzem do smaku. 4. Wymiesza\u0107 cykori\u0119, jab\u0142ka, orzechy [&hellip;]<\/p>\n","protected":false},"author":2,"featured_media":0,"comment_status":"open","ping_status":"open","sticky":false,"template":"","format":"standard","meta":{"footnotes":""},"categories":[1],"tags":[],"_links":{"self":[{"href":"https:\/\/blog.polityka.pl\/adamczewski\/wp-json\/wp\/v2\/posts\/10443"}],"collection":[{"href":"https:\/\/blog.polityka.pl\/adamczewski\/wp-json\/wp\/v2\/posts"}],"about":[{"href":"https:\/\/blog.polityka.pl\/adamczewski\/wp-json\/wp\/v2\/types\/post"}],"author":[{"embeddable":true,"href":"https:\/\/blog.polityka.pl\/adamczewski\/wp-json\/wp\/v2\/users\/2"}],"replies":[{"embeddable":true,"href":"https:\/\/blog.polityka.pl\/adamczewski\/wp-json\/wp\/v2\/comments?post=10443"}],"version-history":[{"count":0,"href":"https:\/\/blog.polityka.pl\/adamczewski\/wp-json\/wp\/v2\/posts\/10443\/revisions"}],"wp:attachment":[{"href":"https:\/\/blog.polityka.pl\/adamczewski\/wp-json\/wp\/v2\/media?parent=10443"}],"wp:term":[{"taxonomy":"category","embeddable":true,"href":"https:\/\/blog.polityka.pl\/adamczewski\/wp-json\/wp\/v2\/categories?post=10443"},{"taxonomy":"post_tag","embeddable":true,"href":"https:\/\/blog.polityka.pl\/adamczewski\/wp-json\/wp\/v2\/tags?post=10443"}],"curies":[{"name":"wp","href":"https:\/\/api.w.org\/{rel}","templated":true}]}}