
{"id":10444,"date":"2009-12-18T07:09:57","date_gmt":"2009-12-18T06:09:57","guid":{"rendered":"http:\/\/adamczewscy.pl\/?p=2705"},"modified":"2009-12-18T07:09:57","modified_gmt":"2009-12-18T06:09:57","slug":"fasolka-szparagowa-z-maslem-i-buleczka","status":"publish","type":"post","link":"https:\/\/blog.polityka.pl\/adamczewski\/2009\/12\/18\/fasolka-szparagowa-z-maslem-i-buleczka\/","title":{"rendered":"Fasolka szparagowa z mas\u0142em i bu\u0142eczk\u0105"},"content":{"rendered":"<p><em>40 dag fasolki szparagowej (najlepsza jest zielona), s\u00f3l, 2 \u0142y\u017cki tartej bu\u0142ki, 2 \u0142y\u017cki mas\u0142a. <\/em><\/p>\n<p>1. Fasolk\u0119 oczy\u015bci\u0107 odcinaj\u0105c oba ko\u0144ce, umy\u0107, w\u0142o\u017cy\u0107 do garnka i zala\u0107 gor\u0105c\u0105 woda lub ugotowa\u0107 na parze. W trakcie gotowania w wodzie lub na parze lekko osoli\u0107.<br \/>\n2. Kiedy fasolka jest mi\u0119kka przela\u0107 ja do durszlaka, a kiedy odcieknie ? u\u0142o\u017cy\u0107 na p\u00f3\u0142misku.<br \/>\n3. Na suchej patelni zrumieni\u0107 tart\u0105 bu\u0142k\u0119 i do rumianej doda\u0107 mas\u0142o. Pola\u0107 nim fasolk\u0119. <\/p>\n","protected":false},"excerpt":{"rendered":"<p>40 dag fasolki szparagowej (najlepsza jest zielona), s\u00f3l, 2 \u0142y\u017cki tartej bu\u0142ki, 2 \u0142y\u017cki mas\u0142a. 1. Fasolk\u0119 oczy\u015bci\u0107 odcinaj\u0105c oba ko\u0144ce, umy\u0107, w\u0142o\u017cy\u0107 do garnka i zala\u0107 gor\u0105c\u0105 woda lub ugotowa\u0107 na parze. W trakcie gotowania w wodzie lub na parze lekko osoli\u0107. 2. Kiedy fasolka jest mi\u0119kka przela\u0107 ja do durszlaka, a kiedy odcieknie [&hellip;]<\/p>\n","protected":false},"author":2,"featured_media":0,"comment_status":"open","ping_status":"open","sticky":false,"template":"","format":"standard","meta":{"footnotes":""},"categories":[1],"tags":[],"_links":{"self":[{"href":"https:\/\/blog.polityka.pl\/adamczewski\/wp-json\/wp\/v2\/posts\/10444"}],"collection":[{"href":"https:\/\/blog.polityka.pl\/adamczewski\/wp-json\/wp\/v2\/posts"}],"about":[{"href":"https:\/\/blog.polityka.pl\/adamczewski\/wp-json\/wp\/v2\/types\/post"}],"author":[{"embeddable":true,"href":"https:\/\/blog.polityka.pl\/adamczewski\/wp-json\/wp\/v2\/users\/2"}],"replies":[{"embeddable":true,"href":"https:\/\/blog.polityka.pl\/adamczewski\/wp-json\/wp\/v2\/comments?post=10444"}],"version-history":[{"count":0,"href":"https:\/\/blog.polityka.pl\/adamczewski\/wp-json\/wp\/v2\/posts\/10444\/revisions"}],"wp:attachment":[{"href":"https:\/\/blog.polityka.pl\/adamczewski\/wp-json\/wp\/v2\/media?parent=10444"}],"wp:term":[{"taxonomy":"category","embeddable":true,"href":"https:\/\/blog.polityka.pl\/adamczewski\/wp-json\/wp\/v2\/categories?post=10444"},{"taxonomy":"post_tag","embeddable":true,"href":"https:\/\/blog.polityka.pl\/adamczewski\/wp-json\/wp\/v2\/tags?post=10444"}],"curies":[{"name":"wp","href":"https:\/\/api.w.org\/{rel}","templated":true}]}}