
{"id":10445,"date":"2009-12-18T07:10:41","date_gmt":"2009-12-18T06:10:41","guid":{"rendered":"http:\/\/adamczewscy.pl\/?p=2706"},"modified":"2009-12-18T07:10:41","modified_gmt":"2009-12-18T06:10:41","slug":"czerwona-kapusta-na-goraco","status":"publish","type":"post","link":"https:\/\/blog.polityka.pl\/adamczewski\/2009\/12\/18\/czerwona-kapusta-na-goraco\/","title":{"rendered":"Czerwona kapusta na gor\u0105co"},"content":{"rendered":"<p><em>Ma\u0142a g\u0142\u00f3wka czerwonej kapusty, cytryna, s\u00f3l, ok. po\u0142owy s\u0142oika ?bor\u00f3wki do mi\u0119sa?<\/em><\/p>\n<p>1. Kapust\u0119 oczy\u015bci\u0107 z uszkodzonych wierzchnich listk\u00f3w, op\u0142uka\u0107, osuszy\u0107 i po przekrojeniu na po\u0142\u00f3wki cienko poszatkowa\u0107. Odrzuci\u0107 g\u0142\u0105b.<br \/>\n2. Poszatkowan\u0105 kapust\u0119 w\u0142o\u017cy\u0107 do garnka z odrobin\u0105 soli i po\u0142ow\u0105 szklanki wody. Pod przykryciem gotowa\u0107, a\u017c zacznie nieco mi\u0119kn\u0105\u0107, posoli\u0107 i dalej gotowa\u0107 jeszcze ok. 5 minut.<br \/>\n3. Do kapusty wla\u0107 sok z ca\u0142ej cytryny, doda\u0107 bor\u00f3wki, wymiesza\u0107, zagotowa\u0107. <\/p>\n","protected":false},"excerpt":{"rendered":"<p>Ma\u0142a g\u0142\u00f3wka czerwonej kapusty, cytryna, s\u00f3l, ok. po\u0142owy s\u0142oika ?bor\u00f3wki do mi\u0119sa? 1. Kapust\u0119 oczy\u015bci\u0107 z uszkodzonych wierzchnich listk\u00f3w, op\u0142uka\u0107, osuszy\u0107 i po przekrojeniu na po\u0142\u00f3wki cienko poszatkowa\u0107. Odrzuci\u0107 g\u0142\u0105b. 2. Poszatkowan\u0105 kapust\u0119 w\u0142o\u017cy\u0107 do garnka z odrobin\u0105 soli i po\u0142ow\u0105 szklanki wody. Pod przykryciem gotowa\u0107, a\u017c zacznie nieco mi\u0119kn\u0105\u0107, posoli\u0107 i dalej gotowa\u0107 jeszcze [&hellip;]<\/p>\n","protected":false},"author":2,"featured_media":0,"comment_status":"open","ping_status":"open","sticky":false,"template":"","format":"standard","meta":{"footnotes":""},"categories":[1],"tags":[],"_links":{"self":[{"href":"https:\/\/blog.polityka.pl\/adamczewski\/wp-json\/wp\/v2\/posts\/10445"}],"collection":[{"href":"https:\/\/blog.polityka.pl\/adamczewski\/wp-json\/wp\/v2\/posts"}],"about":[{"href":"https:\/\/blog.polityka.pl\/adamczewski\/wp-json\/wp\/v2\/types\/post"}],"author":[{"embeddable":true,"href":"https:\/\/blog.polityka.pl\/adamczewski\/wp-json\/wp\/v2\/users\/2"}],"replies":[{"embeddable":true,"href":"https:\/\/blog.polityka.pl\/adamczewski\/wp-json\/wp\/v2\/comments?post=10445"}],"version-history":[{"count":0,"href":"https:\/\/blog.polityka.pl\/adamczewski\/wp-json\/wp\/v2\/posts\/10445\/revisions"}],"wp:attachment":[{"href":"https:\/\/blog.polityka.pl\/adamczewski\/wp-json\/wp\/v2\/media?parent=10445"}],"wp:term":[{"taxonomy":"category","embeddable":true,"href":"https:\/\/blog.polityka.pl\/adamczewski\/wp-json\/wp\/v2\/categories?post=10445"},{"taxonomy":"post_tag","embeddable":true,"href":"https:\/\/blog.polityka.pl\/adamczewski\/wp-json\/wp\/v2\/tags?post=10445"}],"curies":[{"name":"wp","href":"https:\/\/api.w.org\/{rel}","templated":true}]}}