
{"id":10446,"date":"2009-12-28T08:30:07","date_gmt":"2009-12-28T07:30:07","guid":{"rendered":"http:\/\/adamczewscy.pl\/?p=2708"},"modified":"2009-12-28T08:30:07","modified_gmt":"2009-12-28T07:30:07","slug":"zupa-kremowa-z-bialej-fasoli","status":"publish","type":"post","link":"https:\/\/blog.polityka.pl\/adamczewski\/2009\/12\/28\/zupa-kremowa-z-bialej-fasoli\/","title":{"rendered":"Zupa kremowa z bia\u0142ej fasoli"},"content":{"rendered":"<p><em>2 szklanki bia\u0142ej fasoli, 4 szklanki wody, 2 marchwie, pietruszka, cebula, por, kawa\u0142ek selera, 2 \u0142y\u017cki siekanej zielonej pietruszki, \u0142y\u017cka mas\u0142a, s\u00f3l, pieprz. <\/em><\/p>\n<p>1. Fasol\u0119 wyp\u0142uka\u0107, zala\u0107 4 szklankami przegotowanej wody. Odstawi\u0107 na kilka godzin lub na noc.<br \/>\n2. Ugotowa\u0107 wywar z warzyw wygotowuj\u0105c go do momentu, kiedy pozostanie jedynie szklanka mocnego wywaru.<br \/>\n3. Ugotowa\u0107 fasol\u0119 w wodzie, w kt\u00f3rej si\u0119 moczy\u0142a. Zmiksowa\u0107, po czym przetrze\u0107 przez durszlak, aby pozosta\u0142y na nim sk\u00f3rki.<br \/>\n4. Po\u0142\u0105czy\u0107 wywar z przetart\u0105 fasol\u0105, doprawi\u0107 do smaku sol\u0105 i pieprzem.<br \/>\n5. Na ma\u015ble poddusi\u0107 posiekan\u0105 zielon\u0105 pietruszk\u0119 i doda\u0107 do zupy. <\/p>\n<p>Duszona zielona pietruszka nadaje zupie nieco staro\u015bwieckiego smaku.<br \/>\nZupa fasolowa najlepiej smakuje z dodatkiem grzanek z pokrojonej w kostk\u0119 bu\u0142ki, usma\u017conych najpierw na suchej patelni, potem wymieszanych z odrobin\u0105 \u015bwie\u017cego mas\u0142a. <\/p>\n","protected":false},"excerpt":{"rendered":"<p>2 szklanki bia\u0142ej fasoli, 4 szklanki wody, 2 marchwie, pietruszka, cebula, por, kawa\u0142ek selera, 2 \u0142y\u017cki siekanej zielonej pietruszki, \u0142y\u017cka mas\u0142a, s\u00f3l, pieprz. 1. Fasol\u0119 wyp\u0142uka\u0107, zala\u0107 4 szklankami przegotowanej wody. Odstawi\u0107 na kilka godzin lub na noc. 2. Ugotowa\u0107 wywar z warzyw wygotowuj\u0105c go do momentu, kiedy pozostanie jedynie szklanka mocnego wywaru. 3. Ugotowa\u0107 [&hellip;]<\/p>\n","protected":false},"author":2,"featured_media":0,"comment_status":"open","ping_status":"open","sticky":false,"template":"","format":"standard","meta":{"footnotes":""},"categories":[1],"tags":[],"_links":{"self":[{"href":"https:\/\/blog.polityka.pl\/adamczewski\/wp-json\/wp\/v2\/posts\/10446"}],"collection":[{"href":"https:\/\/blog.polityka.pl\/adamczewski\/wp-json\/wp\/v2\/posts"}],"about":[{"href":"https:\/\/blog.polityka.pl\/adamczewski\/wp-json\/wp\/v2\/types\/post"}],"author":[{"embeddable":true,"href":"https:\/\/blog.polityka.pl\/adamczewski\/wp-json\/wp\/v2\/users\/2"}],"replies":[{"embeddable":true,"href":"https:\/\/blog.polityka.pl\/adamczewski\/wp-json\/wp\/v2\/comments?post=10446"}],"version-history":[{"count":0,"href":"https:\/\/blog.polityka.pl\/adamczewski\/wp-json\/wp\/v2\/posts\/10446\/revisions"}],"wp:attachment":[{"href":"https:\/\/blog.polityka.pl\/adamczewski\/wp-json\/wp\/v2\/media?parent=10446"}],"wp:term":[{"taxonomy":"category","embeddable":true,"href":"https:\/\/blog.polityka.pl\/adamczewski\/wp-json\/wp\/v2\/categories?post=10446"},{"taxonomy":"post_tag","embeddable":true,"href":"https:\/\/blog.polityka.pl\/adamczewski\/wp-json\/wp\/v2\/tags?post=10446"}],"curies":[{"name":"wp","href":"https:\/\/api.w.org\/{rel}","templated":true}]}}