
{"id":10448,"date":"2009-12-28T08:32:40","date_gmt":"2009-12-28T07:32:40","guid":{"rendered":"http:\/\/adamczewscy.pl\/?p=2710"},"modified":"2009-12-28T08:32:40","modified_gmt":"2009-12-28T07:32:40","slug":"szpinak-duszony-smazony","status":"publish","type":"post","link":"https:\/\/blog.polityka.pl\/adamczewski\/2009\/12\/28\/szpinak-duszony-smazony\/","title":{"rendered":"Szpinak duszony (sma\u017cony)"},"content":{"rendered":"<p><em>Paczka szpinaku ?baby? oczyszczonego, kt\u00f3ry wystarczy tylko umy\u0107, \u0142y\u017cka oliwy i \u0142y\u017cka mas\u0142a, z\u0105bek czosnku, s\u00f3l. <\/em><\/p>\n<p>1. Mas\u0142o i oliw\u0119 rozgrza\u0107 na patelni, doda\u0107 przeci\u015bni\u0119ty przez prask\u0119 czosnek, umyty szpinak i mieszaj\u0105c dusi\u0107 warzywo. W trakcie duszenia posoli\u0107 szpinak. <\/p>\n<p>Tak przygotowany szpinak jest zar\u00f3wno doskona\u0142\u0105 jarzynk\u0105 jak i farszem do omletu. <\/p>\n","protected":false},"excerpt":{"rendered":"<p>Paczka szpinaku ?baby? oczyszczonego, kt\u00f3ry wystarczy tylko umy\u0107, \u0142y\u017cka oliwy i \u0142y\u017cka mas\u0142a, z\u0105bek czosnku, s\u00f3l. 1. Mas\u0142o i oliw\u0119 rozgrza\u0107 na patelni, doda\u0107 przeci\u015bni\u0119ty przez prask\u0119 czosnek, umyty szpinak i mieszaj\u0105c dusi\u0107 warzywo. W trakcie duszenia posoli\u0107 szpinak. Tak przygotowany szpinak jest zar\u00f3wno doskona\u0142\u0105 jarzynk\u0105 jak i farszem do omletu.<\/p>\n","protected":false},"author":2,"featured_media":0,"comment_status":"open","ping_status":"open","sticky":false,"template":"","format":"standard","meta":{"footnotes":""},"categories":[1],"tags":[],"_links":{"self":[{"href":"https:\/\/blog.polityka.pl\/adamczewski\/wp-json\/wp\/v2\/posts\/10448"}],"collection":[{"href":"https:\/\/blog.polityka.pl\/adamczewski\/wp-json\/wp\/v2\/posts"}],"about":[{"href":"https:\/\/blog.polityka.pl\/adamczewski\/wp-json\/wp\/v2\/types\/post"}],"author":[{"embeddable":true,"href":"https:\/\/blog.polityka.pl\/adamczewski\/wp-json\/wp\/v2\/users\/2"}],"replies":[{"embeddable":true,"href":"https:\/\/blog.polityka.pl\/adamczewski\/wp-json\/wp\/v2\/comments?post=10448"}],"version-history":[{"count":0,"href":"https:\/\/blog.polityka.pl\/adamczewski\/wp-json\/wp\/v2\/posts\/10448\/revisions"}],"wp:attachment":[{"href":"https:\/\/blog.polityka.pl\/adamczewski\/wp-json\/wp\/v2\/media?parent=10448"}],"wp:term":[{"taxonomy":"category","embeddable":true,"href":"https:\/\/blog.polityka.pl\/adamczewski\/wp-json\/wp\/v2\/categories?post=10448"},{"taxonomy":"post_tag","embeddable":true,"href":"https:\/\/blog.polityka.pl\/adamczewski\/wp-json\/wp\/v2\/tags?post=10448"}],"curies":[{"name":"wp","href":"https:\/\/api.w.org\/{rel}","templated":true}]}}