
{"id":10452,"date":"2009-12-28T08:37:33","date_gmt":"2009-12-28T07:37:33","guid":{"rendered":"http:\/\/adamczewscy.pl\/?p=2714"},"modified":"2009-12-28T08:37:33","modified_gmt":"2009-12-28T07:37:33","slug":"pieczen-z-jaj","status":"publish","type":"post","link":"https:\/\/blog.polityka.pl\/adamczewski\/2009\/12\/28\/pieczen-z-jaj\/","title":{"rendered":"Piecze\u0144 z jaj"},"content":{"rendered":"<p><em>5 jaj na twardo, 2 jaja surowe, czerstwa bu\u0142ka, 3 \u0142y\u017cki mas\u0142a lub margaryny, ? szklanki \u015bmietany, \u0142y\u017ceczka soli, pieprz, po \u0142y\u017cce siekanej pietruszki i kopru.<br \/>\n\u0141y\u017cka t\u0142uszczu do wysmarowania naczynia do zapiekania i \u0142y\u017cka tartej bu\u0142ki do jego wysypania. <\/em><\/p>\n<p>1. Utrze\u0107 mas\u0142o z \u017c\u00f3\u0142tkami i namoczon\u0105, wyci\u015bni\u0119t\u0105 i rozdrobnion\u0105 bu\u0142k\u0105, doda\u0107 s\u00f3l, pieprz, zielenin\u0119.<br \/>\n2. Jaja na twardo pokroi\u0107 w plasterki (najwygodniej przy pomocy urz\u0105dzenia do krojenia jaj na plastry) .<br \/>\n3. \u015amietan\u0119 chwil\u0119 ubija\u0107, ubi\u0107 te\u017c sztywn\u0105 pian\u0119 z bia\u0142ek.<br \/>\n4. Wszystkie sk\u0142adniki dok\u0142adnie, cho\u0107 ostro\u017cnie wymiesza\u0107. Prze\u0142o\u017cy\u0107 mas\u0119 do wysmarowanego i wysypanego tart\u0105 bu\u0142k\u0105 naczynia do zapiekania.<br \/>\n5. Piec oko\u0142o 30 minut w nagrzanym do 180 st C piekarniku. <\/p>\n<p>Podawa\u0107 z keczupem lub z dodatkiem sa\u0142aty, ziemniak\u00f3w albo gotowanych warzyw. <\/p>\n","protected":false},"excerpt":{"rendered":"<p>5 jaj na twardo, 2 jaja surowe, czerstwa bu\u0142ka, 3 \u0142y\u017cki mas\u0142a lub margaryny, ? szklanki \u015bmietany, \u0142y\u017ceczka soli, pieprz, po \u0142y\u017cce siekanej pietruszki i kopru. \u0141y\u017cka t\u0142uszczu do wysmarowania naczynia do zapiekania i \u0142y\u017cka tartej bu\u0142ki do jego wysypania. 1. Utrze\u0107 mas\u0142o z \u017c\u00f3\u0142tkami i namoczon\u0105, wyci\u015bni\u0119t\u0105 i rozdrobnion\u0105 bu\u0142k\u0105, doda\u0107 s\u00f3l, pieprz, zielenin\u0119. [&hellip;]<\/p>\n","protected":false},"author":2,"featured_media":0,"comment_status":"open","ping_status":"open","sticky":false,"template":"","format":"standard","meta":{"footnotes":""},"categories":[1],"tags":[],"_links":{"self":[{"href":"https:\/\/blog.polityka.pl\/adamczewski\/wp-json\/wp\/v2\/posts\/10452"}],"collection":[{"href":"https:\/\/blog.polityka.pl\/adamczewski\/wp-json\/wp\/v2\/posts"}],"about":[{"href":"https:\/\/blog.polityka.pl\/adamczewski\/wp-json\/wp\/v2\/types\/post"}],"author":[{"embeddable":true,"href":"https:\/\/blog.polityka.pl\/adamczewski\/wp-json\/wp\/v2\/users\/2"}],"replies":[{"embeddable":true,"href":"https:\/\/blog.polityka.pl\/adamczewski\/wp-json\/wp\/v2\/comments?post=10452"}],"version-history":[{"count":0,"href":"https:\/\/blog.polityka.pl\/adamczewski\/wp-json\/wp\/v2\/posts\/10452\/revisions"}],"wp:attachment":[{"href":"https:\/\/blog.polityka.pl\/adamczewski\/wp-json\/wp\/v2\/media?parent=10452"}],"wp:term":[{"taxonomy":"category","embeddable":true,"href":"https:\/\/blog.polityka.pl\/adamczewski\/wp-json\/wp\/v2\/categories?post=10452"},{"taxonomy":"post_tag","embeddable":true,"href":"https:\/\/blog.polityka.pl\/adamczewski\/wp-json\/wp\/v2\/tags?post=10452"}],"curies":[{"name":"wp","href":"https:\/\/api.w.org\/{rel}","templated":true}]}}