
{"id":10459,"date":"2009-12-28T08:46:39","date_gmt":"2009-12-28T07:46:39","guid":{"rendered":"http:\/\/adamczewscy.pl\/?p=2721"},"modified":"2009-12-28T08:46:39","modified_gmt":"2009-12-28T07:46:39","slug":"zeberka-chinskie-2","status":"publish","type":"post","link":"https:\/\/blog.polityka.pl\/adamczewski\/2009\/12\/28\/zeberka-chinskie-2\/","title":{"rendered":"\u017beberka &#8222;chi\u0144skie&#8221;"},"content":{"rendered":"<p><em>1 kg \u017ceberek wieprzowych, 6 z\u0105bk\u00f3w czosnku, 2 \u0142y\u017cki oleju, 6 \u0142y\u017cek sosu sojowego, 1\/2 \u0142y\u017ceczki soli, pieprz, 2 \u0142y\u017cki bia\u0142ego wytrawnego wina. <\/em><\/p>\n<p>1. Przygotowa\u0107 zimny sos z sosu sojowego, wina, roztartych z sol\u0105 z\u0105bk\u00f3w czosnku i oleju.<br \/>\n2. \u017beberka pokrojone na pojedyncze sztuki w\u0142o\u017cy\u0107 do miseczki z sosem na co najmniej godzin\u0119.<br \/>\n3. Os\u0105czone z sosu \u017ceberka u\u0142o\u017cy\u0107 na kratce nad brytfann\u0105 w piekarniku, tak aby t\u0142uszcz mia\u0142 gdzie skapywa\u0107. Piec na bardzo ma\u0142ym ogniu ok. 3 godz.<br \/>\n3. Podczas pieczenia \u017ceberka polewa\u0107 jak najcz\u0119\u015bciej sosem od marynowania.<br \/>\n4. Podawa\u0107 \u017ceberka z ry\u017cem i sosem powsta\u0142ym z pieczenia oraz z sur\u00f3wk\u0105 z kwaszonej kapusty lub z sa\u0142at\u0105. <\/p>\n","protected":false},"excerpt":{"rendered":"<p>1 kg \u017ceberek wieprzowych, 6 z\u0105bk\u00f3w czosnku, 2 \u0142y\u017cki oleju, 6 \u0142y\u017cek sosu sojowego, 1\/2 \u0142y\u017ceczki soli, pieprz, 2 \u0142y\u017cki bia\u0142ego wytrawnego wina. 1. Przygotowa\u0107 zimny sos z sosu sojowego, wina, roztartych z sol\u0105 z\u0105bk\u00f3w czosnku i oleju. 2. \u017beberka pokrojone na pojedyncze sztuki w\u0142o\u017cy\u0107 do miseczki z sosem na co najmniej godzin\u0119. 3. Os\u0105czone [&hellip;]<\/p>\n","protected":false},"author":2,"featured_media":0,"comment_status":"open","ping_status":"open","sticky":false,"template":"","format":"standard","meta":{"footnotes":""},"categories":[1],"tags":[],"_links":{"self":[{"href":"https:\/\/blog.polityka.pl\/adamczewski\/wp-json\/wp\/v2\/posts\/10459"}],"collection":[{"href":"https:\/\/blog.polityka.pl\/adamczewski\/wp-json\/wp\/v2\/posts"}],"about":[{"href":"https:\/\/blog.polityka.pl\/adamczewski\/wp-json\/wp\/v2\/types\/post"}],"author":[{"embeddable":true,"href":"https:\/\/blog.polityka.pl\/adamczewski\/wp-json\/wp\/v2\/users\/2"}],"replies":[{"embeddable":true,"href":"https:\/\/blog.polityka.pl\/adamczewski\/wp-json\/wp\/v2\/comments?post=10459"}],"version-history":[{"count":0,"href":"https:\/\/blog.polityka.pl\/adamczewski\/wp-json\/wp\/v2\/posts\/10459\/revisions"}],"wp:attachment":[{"href":"https:\/\/blog.polityka.pl\/adamczewski\/wp-json\/wp\/v2\/media?parent=10459"}],"wp:term":[{"taxonomy":"category","embeddable":true,"href":"https:\/\/blog.polityka.pl\/adamczewski\/wp-json\/wp\/v2\/categories?post=10459"},{"taxonomy":"post_tag","embeddable":true,"href":"https:\/\/blog.polityka.pl\/adamczewski\/wp-json\/wp\/v2\/tags?post=10459"}],"curies":[{"name":"wp","href":"https:\/\/api.w.org\/{rel}","templated":true}]}}