
{"id":10469,"date":"2010-01-15T07:17:32","date_gmt":"2010-01-15T06:17:32","guid":{"rendered":"http:\/\/adamczewscy.pl\/?p=2734"},"modified":"2010-01-15T07:17:32","modified_gmt":"2010-01-15T06:17:32","slug":"zupa-egzotyczna-z-ciecierzycy","status":"publish","type":"post","link":"https:\/\/blog.polityka.pl\/adamczewski\/2010\/01\/15\/zupa-egzotyczna-z-ciecierzycy\/","title":{"rendered":"Zupa egzotyczna z ciecierzycy"},"content":{"rendered":"<p><em>Puszka ciecierzycy (po ods\u0105czeniu zalewy powinno jej zosta\u0107 25 dag), 2 p\u0119czki siekanej zielonej pietruszki, \u0107wier\u0107 \u0142y\u017ceczki pieprzu, \u0107wier\u0107 \u0142y\u017ceczki mielonego imbiru,   \u0142y\u017ceczka zmielonych nasion kopru, 2 cebule, \u0142y\u017cka koncentratu pomidorowego, 2 \u015brednie ziemniaki, p\u00f3\u0142 \u0142y\u017ceczki chili lub kajenny, 6 szklanek wywaru warzywnego lub p\u00f3\u0142 na p\u00f3\u0142 ros\u00f3\u0142 warzywny z kostki i woda, 2-3 \u0142y\u017cki soku z cytryny, 5 kopiastych \u0142y\u017cek posiekanej kolendry, s\u00f3l. <\/em><\/p>\n<p>1. Ods\u0105czon\u0105 ciecierzyc\u0119, siekan\u0105 zielon\u0105 pietruszk\u0119, imbir, pieprz, nasiona kopru, cebul\u0119, koncentrat pomidorowy, kajenn\u0119 lub chili, obrane i pokrojone ziemniaki zala\u0107 wod\u0105 i roso\u0142em warzywnym. Gotowa\u0107, a\u017c ciecierzyca stanie si\u0119 zupe\u0142nie mi\u0119kka.<br \/>\n2. Zup\u0119 lekko ostudzi\u0107 i zmiksowa\u0107, doprawi\u0107 sokiem cytrynowym, je\u015bli trzeba sol\u0105, posypa\u0107 obficie posiekan\u0105 kolendr\u0105. <\/p>\n","protected":false},"excerpt":{"rendered":"<p>Puszka ciecierzycy (po ods\u0105czeniu zalewy powinno jej zosta\u0107 25 dag), 2 p\u0119czki siekanej zielonej pietruszki, \u0107wier\u0107 \u0142y\u017ceczki pieprzu, \u0107wier\u0107 \u0142y\u017ceczki mielonego imbiru, \u0142y\u017ceczka zmielonych nasion kopru, 2 cebule, \u0142y\u017cka koncentratu pomidorowego, 2 \u015brednie ziemniaki, p\u00f3\u0142 \u0142y\u017ceczki chili lub kajenny, 6 szklanek wywaru warzywnego lub p\u00f3\u0142 na p\u00f3\u0142 ros\u00f3\u0142 warzywny z kostki i woda, 2-3 \u0142y\u017cki [&hellip;]<\/p>\n","protected":false},"author":2,"featured_media":0,"comment_status":"open","ping_status":"open","sticky":false,"template":"","format":"standard","meta":{"footnotes":""},"categories":[1],"tags":[],"_links":{"self":[{"href":"https:\/\/blog.polityka.pl\/adamczewski\/wp-json\/wp\/v2\/posts\/10469"}],"collection":[{"href":"https:\/\/blog.polityka.pl\/adamczewski\/wp-json\/wp\/v2\/posts"}],"about":[{"href":"https:\/\/blog.polityka.pl\/adamczewski\/wp-json\/wp\/v2\/types\/post"}],"author":[{"embeddable":true,"href":"https:\/\/blog.polityka.pl\/adamczewski\/wp-json\/wp\/v2\/users\/2"}],"replies":[{"embeddable":true,"href":"https:\/\/blog.polityka.pl\/adamczewski\/wp-json\/wp\/v2\/comments?post=10469"}],"version-history":[{"count":0,"href":"https:\/\/blog.polityka.pl\/adamczewski\/wp-json\/wp\/v2\/posts\/10469\/revisions"}],"wp:attachment":[{"href":"https:\/\/blog.polityka.pl\/adamczewski\/wp-json\/wp\/v2\/media?parent=10469"}],"wp:term":[{"taxonomy":"category","embeddable":true,"href":"https:\/\/blog.polityka.pl\/adamczewski\/wp-json\/wp\/v2\/categories?post=10469"},{"taxonomy":"post_tag","embeddable":true,"href":"https:\/\/blog.polityka.pl\/adamczewski\/wp-json\/wp\/v2\/tags?post=10469"}],"curies":[{"name":"wp","href":"https:\/\/api.w.org\/{rel}","templated":true}]}}