
{"id":10470,"date":"2010-01-15T07:18:03","date_gmt":"2010-01-15T06:18:03","guid":{"rendered":"http:\/\/adamczewscy.pl\/?p=2735"},"modified":"2010-01-15T07:18:03","modified_gmt":"2010-01-15T06:18:03","slug":"zupa-cebulowa-z-bialym-serem","status":"publish","type":"post","link":"https:\/\/blog.polityka.pl\/adamczewski\/2010\/01\/15\/zupa-cebulowa-z-bialym-serem\/","title":{"rendered":"Zupa cebulowa z bia\u0142ym serem"},"content":{"rendered":"<p><em>6 \u015brednich cebul, 6 szklanek roso\u0142u wo\u0142owego lub warzywnego z kostki, 2 z\u0105bki czosnku, 2 \u0142y\u017cki mas\u0142a, s\u00f3l, pieprz, \u0142y\u017cka g\u0119stej \u015bmietany, p\u00f3\u0142 \u0142y\u017ceczki suszonego tymianku, ok. 10-15 dag  dobrze odci\u015bni\u0119tego, daj\u0105cego si\u0119 pokroi\u0107 w kostk\u0119 bia\u0142ego sera. <\/em><\/p>\n<p>1. Obrane cebule posieka\u0107, czosnek pokroi\u0107 na drobne kawa\u0142ki,.<br \/>\n2. W garnku rozgrza\u0107 mas\u0142o, doda\u0107 cebul\u0119 i czosnek; kiedy zaczn\u0105 si\u0119 rumieni\u0107 wla\u0107 ros\u00f3\u0142 wo\u0142owy lub warzywny, doda\u0107 s\u00f3l do smaku (je\u015bli to jeszcze konieczne), pieprz oraz tymianek. Gotowa\u0107 25-30 minut.<br \/>\n3. Ugotowan\u0105 i lekko ostudzon\u0105 zup\u0119 zmiksowa\u0107, po\u0142\u0105czy\u0107 ze \u015bmietan\u0105.<br \/>\n4. Podawa\u0107 zup\u0119 w fili\u017cankach, posypan\u0105 pokrojonym w kostk\u0119 bia\u0142ym serem. <\/p>\n","protected":false},"excerpt":{"rendered":"<p>6 \u015brednich cebul, 6 szklanek roso\u0142u wo\u0142owego lub warzywnego z kostki, 2 z\u0105bki czosnku, 2 \u0142y\u017cki mas\u0142a, s\u00f3l, pieprz, \u0142y\u017cka g\u0119stej \u015bmietany, p\u00f3\u0142 \u0142y\u017ceczki suszonego tymianku, ok. 10-15 dag dobrze odci\u015bni\u0119tego, daj\u0105cego si\u0119 pokroi\u0107 w kostk\u0119 bia\u0142ego sera. 1. Obrane cebule posieka\u0107, czosnek pokroi\u0107 na drobne kawa\u0142ki,. 2. W garnku rozgrza\u0107 mas\u0142o, doda\u0107 cebul\u0119 i [&hellip;]<\/p>\n","protected":false},"author":2,"featured_media":0,"comment_status":"open","ping_status":"open","sticky":false,"template":"","format":"standard","meta":{"footnotes":""},"categories":[1],"tags":[],"_links":{"self":[{"href":"https:\/\/blog.polityka.pl\/adamczewski\/wp-json\/wp\/v2\/posts\/10470"}],"collection":[{"href":"https:\/\/blog.polityka.pl\/adamczewski\/wp-json\/wp\/v2\/posts"}],"about":[{"href":"https:\/\/blog.polityka.pl\/adamczewski\/wp-json\/wp\/v2\/types\/post"}],"author":[{"embeddable":true,"href":"https:\/\/blog.polityka.pl\/adamczewski\/wp-json\/wp\/v2\/users\/2"}],"replies":[{"embeddable":true,"href":"https:\/\/blog.polityka.pl\/adamczewski\/wp-json\/wp\/v2\/comments?post=10470"}],"version-history":[{"count":0,"href":"https:\/\/blog.polityka.pl\/adamczewski\/wp-json\/wp\/v2\/posts\/10470\/revisions"}],"wp:attachment":[{"href":"https:\/\/blog.polityka.pl\/adamczewski\/wp-json\/wp\/v2\/media?parent=10470"}],"wp:term":[{"taxonomy":"category","embeddable":true,"href":"https:\/\/blog.polityka.pl\/adamczewski\/wp-json\/wp\/v2\/categories?post=10470"},{"taxonomy":"post_tag","embeddable":true,"href":"https:\/\/blog.polityka.pl\/adamczewski\/wp-json\/wp\/v2\/tags?post=10470"}],"curies":[{"name":"wp","href":"https:\/\/api.w.org\/{rel}","templated":true}]}}