
{"id":10475,"date":"2010-01-15T07:20:47","date_gmt":"2010-01-15T06:20:47","guid":{"rendered":"http:\/\/adamczewscy.pl\/?p=2740"},"modified":"2010-01-15T07:20:47","modified_gmt":"2010-01-15T06:20:47","slug":"krem-groszkowy","status":"publish","type":"post","link":"https:\/\/blog.polityka.pl\/adamczewski\/2010\/01\/15\/krem-groszkowy\/","title":{"rendered":"Krem groszkowy"},"content":{"rendered":"<p><em>50 dag mro\u017conego lub \u015bwie\u017cego groszku zielonego, spora gar\u015b\u0107 str\u0105czk\u00f3w groszku szablastego, 2 cebulki szalotki, 4 szklanki bulionu warzywnego z kostki, 4 ga\u0142\u0105zki \u015bwie\u017cej mi\u0119ty, 2 \u0142y\u017cki mas\u0142a, sok z cytryny, s\u00f3l, pieprz , cukier do smaku,  p\u00f3\u0142 szklanki \u015bmietany i \u0142y\u017cka m\u0105ki.<br \/>\nNa grzanki: 8 kromek bu\u0142ki, 2 \u0142y\u017cki oliwy<\/em><\/p>\n<p>1. W garnku roztopi\u0107 mas\u0142o i zeszkli\u0107 na nim posiekan\u0105 szalotk\u0119.<br \/>\n2. Doda\u0107 groszek wy\u0142uskany i str\u0105czki groszku szablastego, wla\u0107 bulion i wrzuci\u0107 mi\u0119t\u0119. Gotowa\u0107 10 minut, wyj\u0105\u0107 str\u0105czki groszku (kt\u00f3re od\u0142o\u017cy\u0107) i mi\u0119t\u0119, pozosta\u0142\u0105 zup\u0119 zmiksowa\u0107.<br \/>\n3. Zmiksowan\u0105 zup\u0119 doprawi\u0107 sol\u0105, pieprzem, cukrem i sokiem cytrynowym, doda\u0107 wymieszan\u0105 z m\u0105k\u0105 \u015bmietan\u0119 i zagotowa\u0107.<br \/>\n4. Blaszk\u0119 posmarowa\u0107 oliw\u0105, wysypa\u0107 na ni\u0105 pokrojone w kostk\u0119 kromki bu\u0142ki, wymiesza\u0107, aby w kostki bu\u0142ki wsi\u0105k\u0142a oliwa i opieka\u0107 oko\u0142o 5 minut w piekarniku nagrzanym do temperatury 200 st C.<br \/>\n5. Podawa\u0107 zup\u0119 z grzankami i ugotowanymi (od\u0142o\u017conymi) str\u0105czkami groszku. <\/p>\n","protected":false},"excerpt":{"rendered":"<p>50 dag mro\u017conego lub \u015bwie\u017cego groszku zielonego, spora gar\u015b\u0107 str\u0105czk\u00f3w groszku szablastego, 2 cebulki szalotki, 4 szklanki bulionu warzywnego z kostki, 4 ga\u0142\u0105zki \u015bwie\u017cej mi\u0119ty, 2 \u0142y\u017cki mas\u0142a, sok z cytryny, s\u00f3l, pieprz , cukier do smaku, p\u00f3\u0142 szklanki \u015bmietany i \u0142y\u017cka m\u0105ki. Na grzanki: 8 kromek bu\u0142ki, 2 \u0142y\u017cki oliwy 1. W garnku roztopi\u0107 [&hellip;]<\/p>\n","protected":false},"author":2,"featured_media":0,"comment_status":"open","ping_status":"open","sticky":false,"template":"","format":"standard","meta":{"footnotes":""},"categories":[1],"tags":[],"_links":{"self":[{"href":"https:\/\/blog.polityka.pl\/adamczewski\/wp-json\/wp\/v2\/posts\/10475"}],"collection":[{"href":"https:\/\/blog.polityka.pl\/adamczewski\/wp-json\/wp\/v2\/posts"}],"about":[{"href":"https:\/\/blog.polityka.pl\/adamczewski\/wp-json\/wp\/v2\/types\/post"}],"author":[{"embeddable":true,"href":"https:\/\/blog.polityka.pl\/adamczewski\/wp-json\/wp\/v2\/users\/2"}],"replies":[{"embeddable":true,"href":"https:\/\/blog.polityka.pl\/adamczewski\/wp-json\/wp\/v2\/comments?post=10475"}],"version-history":[{"count":0,"href":"https:\/\/blog.polityka.pl\/adamczewski\/wp-json\/wp\/v2\/posts\/10475\/revisions"}],"wp:attachment":[{"href":"https:\/\/blog.polityka.pl\/adamczewski\/wp-json\/wp\/v2\/media?parent=10475"}],"wp:term":[{"taxonomy":"category","embeddable":true,"href":"https:\/\/blog.polityka.pl\/adamczewski\/wp-json\/wp\/v2\/categories?post=10475"},{"taxonomy":"post_tag","embeddable":true,"href":"https:\/\/blog.polityka.pl\/adamczewski\/wp-json\/wp\/v2\/tags?post=10475"}],"curies":[{"name":"wp","href":"https:\/\/api.w.org\/{rel}","templated":true}]}}