
{"id":10480,"date":"2010-01-29T06:57:39","date_gmt":"2010-01-29T05:57:39","guid":{"rendered":"http:\/\/adamczewscy.pl\/?p=2748"},"modified":"2010-01-29T06:57:39","modified_gmt":"2010-01-29T05:57:39","slug":"zupa-z-patatow","status":"publish","type":"post","link":"https:\/\/blog.polityka.pl\/adamczewski\/2010\/01\/29\/zupa-z-patatow\/","title":{"rendered":"Zupa z patat\u00f3w"},"content":{"rendered":"<p><a href=\"http:\/\/adamczewscy.pl\/wp-content\/uploads\/2010\/01\/zupapatata.jpg\"><img loading=\"lazy\" decoding=\"async\" src=\"http:\/\/adamczewscy.pl\/wp-content\/uploads\/2010\/01\/zupapatata.jpg\" alt=\"\" title=\"OLYMPUS DIGITAL CAMERA\" width=\"400\" height=\"300\" class=\"alignnone size-full wp-image-3887\" \/><\/a><\/p>\n<p><em>3 du\u017ce pataty, du\u017ca marchew, 5 cm korzenia imbiru i 3-4 plasterki, \u0142y\u017cka mas\u0142a, s\u00f3l, pieprz, 4 \u0142y\u017cki g\u0119stej \u015bmietany. <\/em><\/p>\n<p>1. Pataty i marchew obra\u0107, pokroi\u0107 na plasterki, zala\u0107 4-6 szklankami wody, doda\u0107 starty imbir i plasterki imbiru. Ugotowa\u0107 do zupe\u0142nej mi\u0119kko\u015bci warzyw.<br \/>\n2. Wyj\u0105\u0107 z zupy plasterki imbiru. Lekko ostudzon\u0105 zup\u0119 zmiksowa\u0107, doprawi\u0107 sol\u0105 i pieprzem, ostr\u0105 przypraw\u0105 oraz doda\u0107 \u0142y\u017ck\u0119 mas\u0142a.<br \/>\n3. Podawa\u0107  zup\u0119 ?ozdobion\u0105? odrobin\u0105 g\u0119stej \u015bmietany. <\/p>\n","protected":false},"excerpt":{"rendered":"<p>3 du\u017ce pataty, du\u017ca marchew, 5 cm korzenia imbiru i 3-4 plasterki, \u0142y\u017cka mas\u0142a, s\u00f3l, pieprz, 4 \u0142y\u017cki g\u0119stej \u015bmietany. 1. Pataty i marchew obra\u0107, pokroi\u0107 na plasterki, zala\u0107 4-6 szklankami wody, doda\u0107 starty imbir i plasterki imbiru. Ugotowa\u0107 do zupe\u0142nej mi\u0119kko\u015bci warzyw. 2. Wyj\u0105\u0107 z zupy plasterki imbiru. Lekko ostudzon\u0105 zup\u0119 zmiksowa\u0107, doprawi\u0107 sol\u0105 [&hellip;]<\/p>\n","protected":false},"author":2,"featured_media":0,"comment_status":"open","ping_status":"open","sticky":false,"template":"","format":"standard","meta":{"footnotes":""},"categories":[1],"tags":[],"_links":{"self":[{"href":"https:\/\/blog.polityka.pl\/adamczewski\/wp-json\/wp\/v2\/posts\/10480"}],"collection":[{"href":"https:\/\/blog.polityka.pl\/adamczewski\/wp-json\/wp\/v2\/posts"}],"about":[{"href":"https:\/\/blog.polityka.pl\/adamczewski\/wp-json\/wp\/v2\/types\/post"}],"author":[{"embeddable":true,"href":"https:\/\/blog.polityka.pl\/adamczewski\/wp-json\/wp\/v2\/users\/2"}],"replies":[{"embeddable":true,"href":"https:\/\/blog.polityka.pl\/adamczewski\/wp-json\/wp\/v2\/comments?post=10480"}],"version-history":[{"count":0,"href":"https:\/\/blog.polityka.pl\/adamczewski\/wp-json\/wp\/v2\/posts\/10480\/revisions"}],"wp:attachment":[{"href":"https:\/\/blog.polityka.pl\/adamczewski\/wp-json\/wp\/v2\/media?parent=10480"}],"wp:term":[{"taxonomy":"category","embeddable":true,"href":"https:\/\/blog.polityka.pl\/adamczewski\/wp-json\/wp\/v2\/categories?post=10480"},{"taxonomy":"post_tag","embeddable":true,"href":"https:\/\/blog.polityka.pl\/adamczewski\/wp-json\/wp\/v2\/tags?post=10480"}],"curies":[{"name":"wp","href":"https:\/\/api.w.org\/{rel}","templated":true}]}}