
{"id":10481,"date":"2010-01-29T06:58:35","date_gmt":"2010-01-29T05:58:35","guid":{"rendered":"http:\/\/adamczewscy.pl\/?p=2749"},"modified":"2010-01-29T06:58:35","modified_gmt":"2010-01-29T05:58:35","slug":"kapusta-z-koperkiem-i-miesem","status":"publish","type":"post","link":"https:\/\/blog.polityka.pl\/adamczewski\/2010\/01\/29\/kapusta-z-koperkiem-i-miesem\/","title":{"rendered":"Kapusta z koperkiem (i mi\u0119sem)"},"content":{"rendered":"<p><em>Niedu\u017ca g\u0142\u00f3wka bia\u0142ej kapusty, szklanka mleka, \u0142y\u017cka smalcu, 2-3 du\u017ce kwa\u015bne jab\u0142ka, szklanka pokrojonej w kostk\u0119 gotowanej szynki lub chudego parzonego w\u0119dzonego boczku, szklanka pokrojonej pieczeni, p\u0119czek koperku, s\u00f3l, pieprz, na czubek \u0142y\u017ceczki ostrej mielone papryki. <\/em><\/p>\n<p>1. Usun\u0105\u0107 uszkodzone li\u015bcie kapusty, pozosta\u0142\u0105 poszatkowa\u0107.<br \/>\n2. Zagotowa\u0107 w garnku mleko i doda\u0107 kapust\u0119 oraz \u0142y\u017ck\u0119 smalcu i s\u00f3l. Gotowa\u0107 15 minut. Nie nakrywa\u0107 pokrywk\u0105.<br \/>\n3. Pokrojone szynk\u0119 (lub boczek) oraz piecze\u0144 doda\u0107 do kapusty i dusi\u0107 10 minut.<br \/>\n4. Posieka\u0107 koper, jab\u0142ka obra\u0107 i zetrze\u0107 na jarzynowej tarce, doda\u0107 do kapusty i gotowa\u0107 jeszcze co najmniej 5 minut doprawiaj\u0105c sol\u0105 i pieprzem. <\/p>\n","protected":false},"excerpt":{"rendered":"<p>Niedu\u017ca g\u0142\u00f3wka bia\u0142ej kapusty, szklanka mleka, \u0142y\u017cka smalcu, 2-3 du\u017ce kwa\u015bne jab\u0142ka, szklanka pokrojonej w kostk\u0119 gotowanej szynki lub chudego parzonego w\u0119dzonego boczku, szklanka pokrojonej pieczeni, p\u0119czek koperku, s\u00f3l, pieprz, na czubek \u0142y\u017ceczki ostrej mielone papryki. 1. Usun\u0105\u0107 uszkodzone li\u015bcie kapusty, pozosta\u0142\u0105 poszatkowa\u0107. 2. Zagotowa\u0107 w garnku mleko i doda\u0107 kapust\u0119 oraz \u0142y\u017ck\u0119 smalcu i [&hellip;]<\/p>\n","protected":false},"author":2,"featured_media":0,"comment_status":"open","ping_status":"open","sticky":false,"template":"","format":"standard","meta":{"footnotes":""},"categories":[1],"tags":[],"_links":{"self":[{"href":"https:\/\/blog.polityka.pl\/adamczewski\/wp-json\/wp\/v2\/posts\/10481"}],"collection":[{"href":"https:\/\/blog.polityka.pl\/adamczewski\/wp-json\/wp\/v2\/posts"}],"about":[{"href":"https:\/\/blog.polityka.pl\/adamczewski\/wp-json\/wp\/v2\/types\/post"}],"author":[{"embeddable":true,"href":"https:\/\/blog.polityka.pl\/adamczewski\/wp-json\/wp\/v2\/users\/2"}],"replies":[{"embeddable":true,"href":"https:\/\/blog.polityka.pl\/adamczewski\/wp-json\/wp\/v2\/comments?post=10481"}],"version-history":[{"count":0,"href":"https:\/\/blog.polityka.pl\/adamczewski\/wp-json\/wp\/v2\/posts\/10481\/revisions"}],"wp:attachment":[{"href":"https:\/\/blog.polityka.pl\/adamczewski\/wp-json\/wp\/v2\/media?parent=10481"}],"wp:term":[{"taxonomy":"category","embeddable":true,"href":"https:\/\/blog.polityka.pl\/adamczewski\/wp-json\/wp\/v2\/categories?post=10481"},{"taxonomy":"post_tag","embeddable":true,"href":"https:\/\/blog.polityka.pl\/adamczewski\/wp-json\/wp\/v2\/tags?post=10481"}],"curies":[{"name":"wp","href":"https:\/\/api.w.org\/{rel}","templated":true}]}}