
{"id":10482,"date":"2010-01-29T07:01:48","date_gmt":"2010-01-29T06:01:48","guid":{"rendered":"http:\/\/adamczewscy.pl\/?p=2753"},"modified":"2010-01-29T07:01:48","modified_gmt":"2010-01-29T06:01:48","slug":"paprykarz-cielecy-2","status":"publish","type":"post","link":"https:\/\/blog.polityka.pl\/adamczewski\/2010\/01\/29\/paprykarz-cielecy-2\/","title":{"rendered":"Paprykarz ciel\u0119cy"},"content":{"rendered":"<p><em>1 kg ciel\u0119cego mostku, \u0142y\u017cka mas\u0142a i 2 \u0142y\u017cki oleju lub oliwy, 2 niedu\u017ce cebule, szklanka roso\u0142u drobiowego z kostki,  \u0142y\u017cka m\u0105ki, \u0142y\u017cka mielonej s\u0142odkiej papryki, 2 \u0142y\u017cki koncentratu pomidorowego, 2 \u0142y\u017cki \u015bmietany, s\u00f3l, pieprz.<\/em> <\/p>\n<p>1. Podzieli\u0107 mostek na ma\u0142e kawa\u0142ki, ka\u017cdy z kostk\u0105.<br \/>\n2. Zrumieni\u0107 mi\u0119so na ma\u015ble z olejem. Wyj\u0105\u0107 je i prze\u0142o\u017cy\u0107 do garnka.<br \/>\n3. Na t\u0142uszczu podsma\u017cy\u0107 posiekan\u0105 drobno cebul\u0119. Doda\u0107 j\u0105 do mi\u0119sa. Wla\u0107 ros\u00f3\u0142 i dusi\u0107 potraw\u0119, doprawiaj\u0105c j\u0105 mielon\u0105 papryk\u0105 oraz  koncentratem pomidorowym.<br \/>\n4. Kiedy mi\u0119so jest mi\u0119kkie wymiesza\u0107 m\u0105k\u0119 ze \u015bmietan\u0105 i odrobin\u0105 sosu spod mi\u0119sa, wymiesza\u0107 i wla\u0107 z powrotem do garnka, zagotowa\u0107. Podawa\u0107 z kluskami k\u0142adzionymi lub innymi. <\/p>\n","protected":false},"excerpt":{"rendered":"<p>1 kg ciel\u0119cego mostku, \u0142y\u017cka mas\u0142a i 2 \u0142y\u017cki oleju lub oliwy, 2 niedu\u017ce cebule, szklanka roso\u0142u drobiowego z kostki, \u0142y\u017cka m\u0105ki, \u0142y\u017cka mielonej s\u0142odkiej papryki, 2 \u0142y\u017cki koncentratu pomidorowego, 2 \u0142y\u017cki \u015bmietany, s\u00f3l, pieprz. 1. Podzieli\u0107 mostek na ma\u0142e kawa\u0142ki, ka\u017cdy z kostk\u0105. 2. Zrumieni\u0107 mi\u0119so na ma\u015ble z olejem. Wyj\u0105\u0107 je i prze\u0142o\u017cy\u0107 [&hellip;]<\/p>\n","protected":false},"author":2,"featured_media":0,"comment_status":"open","ping_status":"open","sticky":false,"template":"","format":"standard","meta":{"footnotes":""},"categories":[1],"tags":[],"_links":{"self":[{"href":"https:\/\/blog.polityka.pl\/adamczewski\/wp-json\/wp\/v2\/posts\/10482"}],"collection":[{"href":"https:\/\/blog.polityka.pl\/adamczewski\/wp-json\/wp\/v2\/posts"}],"about":[{"href":"https:\/\/blog.polityka.pl\/adamczewski\/wp-json\/wp\/v2\/types\/post"}],"author":[{"embeddable":true,"href":"https:\/\/blog.polityka.pl\/adamczewski\/wp-json\/wp\/v2\/users\/2"}],"replies":[{"embeddable":true,"href":"https:\/\/blog.polityka.pl\/adamczewski\/wp-json\/wp\/v2\/comments?post=10482"}],"version-history":[{"count":0,"href":"https:\/\/blog.polityka.pl\/adamczewski\/wp-json\/wp\/v2\/posts\/10482\/revisions"}],"wp:attachment":[{"href":"https:\/\/blog.polityka.pl\/adamczewski\/wp-json\/wp\/v2\/media?parent=10482"}],"wp:term":[{"taxonomy":"category","embeddable":true,"href":"https:\/\/blog.polityka.pl\/adamczewski\/wp-json\/wp\/v2\/categories?post=10482"},{"taxonomy":"post_tag","embeddable":true,"href":"https:\/\/blog.polityka.pl\/adamczewski\/wp-json\/wp\/v2\/tags?post=10482"}],"curies":[{"name":"wp","href":"https:\/\/api.w.org\/{rel}","templated":true}]}}