
{"id":10485,"date":"2010-02-02T23:09:24","date_gmt":"2010-02-02T22:09:24","guid":{"rendered":"http:\/\/adamczewscy.pl\/?p=2759"},"modified":"2010-02-02T23:09:24","modified_gmt":"2010-02-02T22:09:24","slug":"roladki-z-kurczaka","status":"publish","type":"post","link":"https:\/\/blog.polityka.pl\/adamczewski\/2010\/02\/02\/roladki-z-kurczaka\/","title":{"rendered":"Roladki z kurczaka"},"content":{"rendered":"<p><em>2 podw\u00f3jne filety z piersi kurczaka,  3\/4 szklanki li\u015bci bazylii, 2 kopiaste \u0142y\u017cki mielonych orzech\u00f3w laskowych (mo\u017cna je r\u00f3wnie\u017c drobno posieka\u0107 na desce no\u017cem), z\u0105bek czosnku, s\u00f3l, pieprz.<br \/>\nJako dodatek: 1\/2 paczki makaronu z m\u0105ki z pe\u0142nego przemia\u0142u, 2 suszone pomidory, \u0142y\u017cka soku cytrynowego, \u0142y\u017cka oliwy z oliwek, \u0142y\u017cka op\u0142ukanych kapar\u00f3w, 10 czarnych oliwek<\/em><\/p>\n<p>1. Filetu podzieli\u0107 na po\u0142\u00f3wki, okry\u0107 foli\u0105 do \u017cywno\u015bci i t\u0142uczkiem rozbi\u0107 na do\u015b\u0107 cienki p\u0142at albo rozwa\u0142kowa\u0107.<br \/>\n2. Bazyli\u0119 i orzechy oraz czosnek, s\u00f3l i pieprz rozetrze\u0107 na mas\u0119 (mo\u017cna to zrobi\u0107 w ma\u0142ym malakserze lub r\u0119cznie.<br \/>\n3. Ka\u017cdy plasterek mi\u0119sa posmarowa\u0107 kremem orzechowo- bazyliowym, zwin\u0105\u0107 w roladk\u0119 i opakowa\u0107 foli\u0105 aluminiow\u0105.<br \/>\n4. Zagotowa\u0107 osolon\u0105 wod\u0119 w garnku, wrzuci\u0107 makaron a roladki u\u0142o\u017cy\u0107 na perforowanej wk\u0142adce do gotowania na parze i postawi\u0107 na garnku z makaronem. Gotowa\u0107 roladki pod przykryciem oko\u0142o 10 minut. Je\u017celi po nak\u0142uciu roladki wyp\u0142ywa przezroczysty sok-jest gotowa.<br \/>\n5. Pokroi\u0107 suszone pomidory i z sokiem cytrynowym oraz oliw\u0105 w\u0142o\u017cy\u0107 do garnka, doda\u0107 kapary, chwile podgrzewa\u0107, po czym doda\u0107 makaron, wymiesza\u0107.<br \/>\nPodawa\u0107 makaron wy\u0142o\u017cony na p\u00f3\u0142misek a na nim pokrojone w grube plastry roladki<\/p>\n","protected":false},"excerpt":{"rendered":"<p>2 podw\u00f3jne filety z piersi kurczaka, 3\/4 szklanki li\u015bci bazylii, 2 kopiaste \u0142y\u017cki mielonych orzech\u00f3w laskowych (mo\u017cna je r\u00f3wnie\u017c drobno posieka\u0107 na desce no\u017cem), z\u0105bek czosnku, s\u00f3l, pieprz. Jako dodatek: 1\/2 paczki makaronu z m\u0105ki z pe\u0142nego przemia\u0142u, 2 suszone pomidory, \u0142y\u017cka soku cytrynowego, \u0142y\u017cka oliwy z oliwek, \u0142y\u017cka op\u0142ukanych kapar\u00f3w, 10 czarnych oliwek 1. [&hellip;]<\/p>\n","protected":false},"author":2,"featured_media":0,"comment_status":"open","ping_status":"open","sticky":false,"template":"","format":"standard","meta":{"footnotes":""},"categories":[1],"tags":[],"_links":{"self":[{"href":"https:\/\/blog.polityka.pl\/adamczewski\/wp-json\/wp\/v2\/posts\/10485"}],"collection":[{"href":"https:\/\/blog.polityka.pl\/adamczewski\/wp-json\/wp\/v2\/posts"}],"about":[{"href":"https:\/\/blog.polityka.pl\/adamczewski\/wp-json\/wp\/v2\/types\/post"}],"author":[{"embeddable":true,"href":"https:\/\/blog.polityka.pl\/adamczewski\/wp-json\/wp\/v2\/users\/2"}],"replies":[{"embeddable":true,"href":"https:\/\/blog.polityka.pl\/adamczewski\/wp-json\/wp\/v2\/comments?post=10485"}],"version-history":[{"count":0,"href":"https:\/\/blog.polityka.pl\/adamczewski\/wp-json\/wp\/v2\/posts\/10485\/revisions"}],"wp:attachment":[{"href":"https:\/\/blog.polityka.pl\/adamczewski\/wp-json\/wp\/v2\/media?parent=10485"}],"wp:term":[{"taxonomy":"category","embeddable":true,"href":"https:\/\/blog.polityka.pl\/adamczewski\/wp-json\/wp\/v2\/categories?post=10485"},{"taxonomy":"post_tag","embeddable":true,"href":"https:\/\/blog.polityka.pl\/adamczewski\/wp-json\/wp\/v2\/tags?post=10485"}],"curies":[{"name":"wp","href":"https:\/\/api.w.org\/{rel}","templated":true}]}}