
{"id":10492,"date":"2010-02-14T09:07:30","date_gmt":"2010-02-14T08:07:30","guid":{"rendered":"http:\/\/adamczewscy.pl\/?p=2766"},"modified":"2010-02-14T09:07:30","modified_gmt":"2010-02-14T08:07:30","slug":"surowka-z-kalarepki-i-chrzanu","status":"publish","type":"post","link":"https:\/\/blog.polityka.pl\/adamczewski\/2010\/02\/14\/surowka-z-kalarepki-i-chrzanu\/","title":{"rendered":"Sur\u00f3wka z kalarepki i chrzanu"},"content":{"rendered":"<p><em>3 kalarepki, \u0142y\u017cka tartego chrzanu, 2 \u0142y\u017cki naturalnego jogurtu, s\u00f3l i cukier do smaku<\/em><\/p>\n<p>1. Kalarepki obra\u0107, pokroi\u0107 na bardzo w\u0105skie paseczki, tzw. Julienie.<br \/>\n2. Wymiesza\u0107 jogurt z chrzanem, sol\u0105 i cukrem.<br \/>\n3. Wymiesza\u0107 rozdrobniona kalarepk\u0119 z doprawionym jogurtem. <\/p>\n","protected":false},"excerpt":{"rendered":"<p>3 kalarepki, \u0142y\u017cka tartego chrzanu, 2 \u0142y\u017cki naturalnego jogurtu, s\u00f3l i cukier do smaku 1. Kalarepki obra\u0107, pokroi\u0107 na bardzo w\u0105skie paseczki, tzw. Julienie. 2. Wymiesza\u0107 jogurt z chrzanem, sol\u0105 i cukrem. 3. Wymiesza\u0107 rozdrobniona kalarepk\u0119 z doprawionym jogurtem.<\/p>\n","protected":false},"author":2,"featured_media":0,"comment_status":"open","ping_status":"open","sticky":false,"template":"","format":"standard","meta":{"footnotes":""},"categories":[1],"tags":[],"_links":{"self":[{"href":"https:\/\/blog.polityka.pl\/adamczewski\/wp-json\/wp\/v2\/posts\/10492"}],"collection":[{"href":"https:\/\/blog.polityka.pl\/adamczewski\/wp-json\/wp\/v2\/posts"}],"about":[{"href":"https:\/\/blog.polityka.pl\/adamczewski\/wp-json\/wp\/v2\/types\/post"}],"author":[{"embeddable":true,"href":"https:\/\/blog.polityka.pl\/adamczewski\/wp-json\/wp\/v2\/users\/2"}],"replies":[{"embeddable":true,"href":"https:\/\/blog.polityka.pl\/adamczewski\/wp-json\/wp\/v2\/comments?post=10492"}],"version-history":[{"count":0,"href":"https:\/\/blog.polityka.pl\/adamczewski\/wp-json\/wp\/v2\/posts\/10492\/revisions"}],"wp:attachment":[{"href":"https:\/\/blog.polityka.pl\/adamczewski\/wp-json\/wp\/v2\/media?parent=10492"}],"wp:term":[{"taxonomy":"category","embeddable":true,"href":"https:\/\/blog.polityka.pl\/adamczewski\/wp-json\/wp\/v2\/categories?post=10492"},{"taxonomy":"post_tag","embeddable":true,"href":"https:\/\/blog.polityka.pl\/adamczewski\/wp-json\/wp\/v2\/tags?post=10492"}],"curies":[{"name":"wp","href":"https:\/\/api.w.org\/{rel}","templated":true}]}}