
{"id":10493,"date":"2010-02-14T09:08:14","date_gmt":"2010-02-14T08:08:14","guid":{"rendered":"http:\/\/adamczewscy.pl\/?p=2767"},"modified":"2010-02-14T09:08:14","modified_gmt":"2010-02-14T08:08:14","slug":"surowka-z-marchwi-z-orzechami-i-miodowym-sosem","status":"publish","type":"post","link":"https:\/\/blog.polityka.pl\/adamczewski\/2010\/02\/14\/surowka-z-marchwi-z-orzechami-i-miodowym-sosem\/","title":{"rendered":"Sur\u00f3wka z marchwi z orzechami i miodowym sosem"},"content":{"rendered":"<p><em>2 marchwie, 3 \u0142y\u017cki posiekanych orzech\u00f3w w\u0142oskich, 3 \u0142y\u017cki jogurtu naturalnego, \u0142y\u017cka miodu, szczypta soli<\/em><\/p>\n<p>1. Orzechy chwil\u0119 pra\u017cy\u0107 na suchej patelni, ostudzi\u0107, posieka\u0107 niezbyt drobno.<br \/>\n2. Jogurt wymiesza\u0107 z miodem i szczypta soli.<br \/>\n3. Marchew umy\u0107, obra\u0107 i zetrze\u0107 na tarce jarzynowej.<br \/>\n4. Wymiesza\u0107 wszystkie sk\u0142adniki sur\u00f3wki. <\/p>\n","protected":false},"excerpt":{"rendered":"<p>2 marchwie, 3 \u0142y\u017cki posiekanych orzech\u00f3w w\u0142oskich, 3 \u0142y\u017cki jogurtu naturalnego, \u0142y\u017cka miodu, szczypta soli 1. Orzechy chwil\u0119 pra\u017cy\u0107 na suchej patelni, ostudzi\u0107, posieka\u0107 niezbyt drobno. 2. Jogurt wymiesza\u0107 z miodem i szczypta soli. 3. Marchew umy\u0107, obra\u0107 i zetrze\u0107 na tarce jarzynowej. 4. Wymiesza\u0107 wszystkie sk\u0142adniki sur\u00f3wki.<\/p>\n","protected":false},"author":2,"featured_media":0,"comment_status":"open","ping_status":"open","sticky":false,"template":"","format":"standard","meta":{"footnotes":""},"categories":[1],"tags":[],"_links":{"self":[{"href":"https:\/\/blog.polityka.pl\/adamczewski\/wp-json\/wp\/v2\/posts\/10493"}],"collection":[{"href":"https:\/\/blog.polityka.pl\/adamczewski\/wp-json\/wp\/v2\/posts"}],"about":[{"href":"https:\/\/blog.polityka.pl\/adamczewski\/wp-json\/wp\/v2\/types\/post"}],"author":[{"embeddable":true,"href":"https:\/\/blog.polityka.pl\/adamczewski\/wp-json\/wp\/v2\/users\/2"}],"replies":[{"embeddable":true,"href":"https:\/\/blog.polityka.pl\/adamczewski\/wp-json\/wp\/v2\/comments?post=10493"}],"version-history":[{"count":0,"href":"https:\/\/blog.polityka.pl\/adamczewski\/wp-json\/wp\/v2\/posts\/10493\/revisions"}],"wp:attachment":[{"href":"https:\/\/blog.polityka.pl\/adamczewski\/wp-json\/wp\/v2\/media?parent=10493"}],"wp:term":[{"taxonomy":"category","embeddable":true,"href":"https:\/\/blog.polityka.pl\/adamczewski\/wp-json\/wp\/v2\/categories?post=10493"},{"taxonomy":"post_tag","embeddable":true,"href":"https:\/\/blog.polityka.pl\/adamczewski\/wp-json\/wp\/v2\/tags?post=10493"}],"curies":[{"name":"wp","href":"https:\/\/api.w.org\/{rel}","templated":true}]}}