
{"id":10494,"date":"2010-02-14T09:09:07","date_gmt":"2010-02-14T08:09:07","guid":{"rendered":"http:\/\/adamczewscy.pl\/?p=2768"},"modified":"2010-02-14T09:09:07","modified_gmt":"2010-02-14T08:09:07","slug":"surowka-z-porow","status":"publish","type":"post","link":"https:\/\/blog.polityka.pl\/adamczewski\/2010\/02\/14\/surowka-z-porow\/","title":{"rendered":"Sur\u00f3wka z por\u00f3w"},"content":{"rendered":"<p><em>3 pory o du\u017cej cz\u0119\u015bci jasnej, 4 \u0142y\u017cki majonezu ?light?, s\u00f3l<\/em><\/p>\n<p>1. Odkroi\u0107 cz\u0119\u015bci zielone por\u00f3w, przekroi\u0107 wzd\u0142u\u017c na po\u0142owy, oczy\u015bci\u0107 pomi\u0119dzy listkami.<br \/>\n2. Pokroi\u0107 pory w makaronik, wymiesza\u0107 z majonezem i lekko osoli\u0107 do smaku. <\/p>\n","protected":false},"excerpt":{"rendered":"<p>3 pory o du\u017cej cz\u0119\u015bci jasnej, 4 \u0142y\u017cki majonezu ?light?, s\u00f3l 1. Odkroi\u0107 cz\u0119\u015bci zielone por\u00f3w, przekroi\u0107 wzd\u0142u\u017c na po\u0142owy, oczy\u015bci\u0107 pomi\u0119dzy listkami. 2. Pokroi\u0107 pory w makaronik, wymiesza\u0107 z majonezem i lekko osoli\u0107 do smaku.<\/p>\n","protected":false},"author":2,"featured_media":0,"comment_status":"open","ping_status":"open","sticky":false,"template":"","format":"standard","meta":{"footnotes":""},"categories":[1],"tags":[],"_links":{"self":[{"href":"https:\/\/blog.polityka.pl\/adamczewski\/wp-json\/wp\/v2\/posts\/10494"}],"collection":[{"href":"https:\/\/blog.polityka.pl\/adamczewski\/wp-json\/wp\/v2\/posts"}],"about":[{"href":"https:\/\/blog.polityka.pl\/adamczewski\/wp-json\/wp\/v2\/types\/post"}],"author":[{"embeddable":true,"href":"https:\/\/blog.polityka.pl\/adamczewski\/wp-json\/wp\/v2\/users\/2"}],"replies":[{"embeddable":true,"href":"https:\/\/blog.polityka.pl\/adamczewski\/wp-json\/wp\/v2\/comments?post=10494"}],"version-history":[{"count":0,"href":"https:\/\/blog.polityka.pl\/adamczewski\/wp-json\/wp\/v2\/posts\/10494\/revisions"}],"wp:attachment":[{"href":"https:\/\/blog.polityka.pl\/adamczewski\/wp-json\/wp\/v2\/media?parent=10494"}],"wp:term":[{"taxonomy":"category","embeddable":true,"href":"https:\/\/blog.polityka.pl\/adamczewski\/wp-json\/wp\/v2\/categories?post=10494"},{"taxonomy":"post_tag","embeddable":true,"href":"https:\/\/blog.polityka.pl\/adamczewski\/wp-json\/wp\/v2\/tags?post=10494"}],"curies":[{"name":"wp","href":"https:\/\/api.w.org\/{rel}","templated":true}]}}