
{"id":10497,"date":"2010-02-19T06:38:15","date_gmt":"2010-02-19T05:38:15","guid":{"rendered":"http:\/\/adamczewscy.pl\/?p=2773"},"modified":"2010-02-19T06:38:15","modified_gmt":"2010-02-19T05:38:15","slug":"kartoflanka-zapiekana","status":"publish","type":"post","link":"https:\/\/blog.polityka.pl\/adamczewski\/2010\/02\/19\/kartoflanka-zapiekana\/","title":{"rendered":"Kartoflanka zapiekana"},"content":{"rendered":"<p><em>6 sporych ziemniak\u00f3w, 2  \u015brednie cebule, 2-3 du\u017ce z\u0105bki czosnku, 3 \u0142y\u017cki oliwy z oliwek, 4 szklanki bulionu wo\u0142owego z kostki, 2 kopiaste \u0142y\u017cki mas\u0142a, szklanka \u015bmietany 12-proc.  lub mleka, 2 szklanki pokrojonego w kostk\u0119 razowca, p\u00f3\u0142 szklanki startego \u017c\u00f3\u0142tego sera, s\u00f3l, pieprz. <\/em><\/p>\n<p>1. Ziemniaki obra\u0107 i pokroi\u0107 w kostk\u0119, posieka\u0107 cebule i czosnek.<br \/>\n2. Rozgrza\u0107 w garnku oliw\u0119 i podsma\u017cy\u0107 na niej, lekko rumieni\u0105c, ziemniaki z cebul\u0105 i czosnkiem. Doda\u0107 bulion i gotowa\u0107 , a\u017c ziemniaki stan\u0105 si\u0119 mi\u0119kkie.<br \/>\n3. Zup\u0119 lekko ostudzi\u0107, zmiksowa\u0107 z mas\u0142em i \u015bmietan\u0105, jeszcze raz zagotowa\u0107 doprawiaj\u0105c do smaku sol\u0105 i pieprzem.<br \/>\n4. Pokrojony chleb lekko zrumieni\u0107 na suchej patelni.<br \/>\n4. Ponalewa\u0107 zup\u0119 do fili\u017canek lub miseczek, posypa\u0107 grzankami i startym serem, w nagrzanym do temperatury 180 st C piekarniku zapieka\u0107,  a\u017c ser si\u0119 rozpu\u015bci. <\/p>\n","protected":false},"excerpt":{"rendered":"<p>6 sporych ziemniak\u00f3w, 2 \u015brednie cebule, 2-3 du\u017ce z\u0105bki czosnku, 3 \u0142y\u017cki oliwy z oliwek, 4 szklanki bulionu wo\u0142owego z kostki, 2 kopiaste \u0142y\u017cki mas\u0142a, szklanka \u015bmietany 12-proc. lub mleka, 2 szklanki pokrojonego w kostk\u0119 razowca, p\u00f3\u0142 szklanki startego \u017c\u00f3\u0142tego sera, s\u00f3l, pieprz. 1. Ziemniaki obra\u0107 i pokroi\u0107 w kostk\u0119, posieka\u0107 cebule i czosnek. 2. [&hellip;]<\/p>\n","protected":false},"author":2,"featured_media":0,"comment_status":"open","ping_status":"open","sticky":false,"template":"","format":"standard","meta":{"footnotes":""},"categories":[1],"tags":[],"_links":{"self":[{"href":"https:\/\/blog.polityka.pl\/adamczewski\/wp-json\/wp\/v2\/posts\/10497"}],"collection":[{"href":"https:\/\/blog.polityka.pl\/adamczewski\/wp-json\/wp\/v2\/posts"}],"about":[{"href":"https:\/\/blog.polityka.pl\/adamczewski\/wp-json\/wp\/v2\/types\/post"}],"author":[{"embeddable":true,"href":"https:\/\/blog.polityka.pl\/adamczewski\/wp-json\/wp\/v2\/users\/2"}],"replies":[{"embeddable":true,"href":"https:\/\/blog.polityka.pl\/adamczewski\/wp-json\/wp\/v2\/comments?post=10497"}],"version-history":[{"count":0,"href":"https:\/\/blog.polityka.pl\/adamczewski\/wp-json\/wp\/v2\/posts\/10497\/revisions"}],"wp:attachment":[{"href":"https:\/\/blog.polityka.pl\/adamczewski\/wp-json\/wp\/v2\/media?parent=10497"}],"wp:term":[{"taxonomy":"category","embeddable":true,"href":"https:\/\/blog.polityka.pl\/adamczewski\/wp-json\/wp\/v2\/categories?post=10497"},{"taxonomy":"post_tag","embeddable":true,"href":"https:\/\/blog.polityka.pl\/adamczewski\/wp-json\/wp\/v2\/tags?post=10497"}],"curies":[{"name":"wp","href":"https:\/\/api.w.org\/{rel}","templated":true}]}}