
{"id":10498,"date":"2010-02-19T06:39:09","date_gmt":"2010-02-19T05:39:09","guid":{"rendered":"http:\/\/adamczewscy.pl\/?p=2774"},"modified":"2010-02-19T06:39:09","modified_gmt":"2010-02-19T05:39:09","slug":"mielone-z-bogatym-wnetrzem","status":"publish","type":"post","link":"https:\/\/blog.polityka.pl\/adamczewski\/2010\/02\/19\/mielone-z-bogatym-wnetrzem\/","title":{"rendered":"Mielone z bogatym wn\u0119trzem"},"content":{"rendered":"<p><em>50 dag mi\u0119sa wieprzowego z \u0142opatki lub kark\u00f3wki, spory plaster w\u0119dzonego boczku (ok. 20 dag), puszka konserwowej bia\u0142ej fasoli, 2 jaja, czerstwa kajzerka, s\u00f3l, pieprz, 2 \u0142y\u017cki m\u0105ki krupczatki, \u0142y\u017cka siekanej zielonej pietruszki,  p\u00f3\u0142 szklanki oleju do sma\u017cenia. <\/em><\/p>\n<p>1. Fasol\u0119 odcedzi\u0107 dok\u0142adnie z zalewy. Kajzerk\u0119 namoczy\u0107 w wodzie i odcisn\u0105\u0107. Boczek i mi\u0119so pokroi\u0107 na kawa\u0142ki. Wszystko razem zmieli\u0107 w maszynce.<br \/>\n2. Do mielonej masy doda\u0107 jaja, s\u00f3l, pieprz oraz zielona pietruszk\u0119. Dok\u0142adnie wyrobi\u0107 mas\u0119.<br \/>\n3. Formowa\u0107 z masy mi\u0119snej owalne kotleciki, obtacza\u0107 w krupczatce i sma\u017cy\u0107 na rozgrzanym oleju z obu stron na rumiano. Kiedy po nak\u0142uciu z kotlet\u00f3w wycieka jasny sok ? s\u0105 gotowe. <\/p>\n","protected":false},"excerpt":{"rendered":"<p>50 dag mi\u0119sa wieprzowego z \u0142opatki lub kark\u00f3wki, spory plaster w\u0119dzonego boczku (ok. 20 dag), puszka konserwowej bia\u0142ej fasoli, 2 jaja, czerstwa kajzerka, s\u00f3l, pieprz, 2 \u0142y\u017cki m\u0105ki krupczatki, \u0142y\u017cka siekanej zielonej pietruszki, p\u00f3\u0142 szklanki oleju do sma\u017cenia. 1. Fasol\u0119 odcedzi\u0107 dok\u0142adnie z zalewy. Kajzerk\u0119 namoczy\u0107 w wodzie i odcisn\u0105\u0107. Boczek i mi\u0119so pokroi\u0107 na [&hellip;]<\/p>\n","protected":false},"author":2,"featured_media":0,"comment_status":"open","ping_status":"open","sticky":false,"template":"","format":"standard","meta":{"footnotes":""},"categories":[1],"tags":[],"_links":{"self":[{"href":"https:\/\/blog.polityka.pl\/adamczewski\/wp-json\/wp\/v2\/posts\/10498"}],"collection":[{"href":"https:\/\/blog.polityka.pl\/adamczewski\/wp-json\/wp\/v2\/posts"}],"about":[{"href":"https:\/\/blog.polityka.pl\/adamczewski\/wp-json\/wp\/v2\/types\/post"}],"author":[{"embeddable":true,"href":"https:\/\/blog.polityka.pl\/adamczewski\/wp-json\/wp\/v2\/users\/2"}],"replies":[{"embeddable":true,"href":"https:\/\/blog.polityka.pl\/adamczewski\/wp-json\/wp\/v2\/comments?post=10498"}],"version-history":[{"count":0,"href":"https:\/\/blog.polityka.pl\/adamczewski\/wp-json\/wp\/v2\/posts\/10498\/revisions"}],"wp:attachment":[{"href":"https:\/\/blog.polityka.pl\/adamczewski\/wp-json\/wp\/v2\/media?parent=10498"}],"wp:term":[{"taxonomy":"category","embeddable":true,"href":"https:\/\/blog.polityka.pl\/adamczewski\/wp-json\/wp\/v2\/categories?post=10498"},{"taxonomy":"post_tag","embeddable":true,"href":"https:\/\/blog.polityka.pl\/adamczewski\/wp-json\/wp\/v2\/tags?post=10498"}],"curies":[{"name":"wp","href":"https:\/\/api.w.org\/{rel}","templated":true}]}}