
{"id":10500,"date":"2010-02-26T07:23:07","date_gmt":"2010-02-26T06:23:07","guid":{"rendered":"http:\/\/adamczewscy.pl\/?p=2777"},"modified":"2010-02-26T07:23:07","modified_gmt":"2010-02-26T06:23:07","slug":"zapiekanka-ryzowo-miesna","status":"publish","type":"post","link":"https:\/\/blog.polityka.pl\/adamczewski\/2010\/02\/26\/zapiekanka-ryzowo-miesna\/","title":{"rendered":"Zapiekanka ry\u017cowo-mi\u0119sna"},"content":{"rendered":"<p><em>50 dag mielonego mi\u0119sa wo\u0142owo-wieprzowego, cebula, 4 \u0142y\u017cki oleju lub oliwy, 2 z\u0105bki czosnku, puszka krojonych pomidor\u00f3w w zalewie, 3 woreczki ry\u017cu do gotowania, 3\/4 szklanki startego \u017c\u00f3\u0142tego sera, s\u00f3l, pieprz, \u0142y\u017cka posiekanego \u015bwie\u017cego tymianku lub \u0142y\u017ceczka suszonego, \u0142y\u017cka mas\u0142a. <\/em><\/p>\n<p>1. Posiekan\u0105 cebul\u0119 i czosnek zeszkli\u0107 na oleju lub oliwie, doda\u0107 mielone mi\u0119so i mieszaj\u0105c sma\u017cy\u0107 10 minut. Doprawi\u0107 sol\u0105 i pieprzem, w\u0142o\u017cy\u0107 pomidory z zalew\u0105 i wszystko razem gotowa\u0107 jeszcze 5 minut.<br \/>\n2. Ry\u017c ugotowa\u0107 wed\u0142ug przepisu na opakowaniu, ods\u0105czy\u0107 starannie.<br \/>\n3. Ryz wymiesza\u0107 z mi\u0119sem, wy\u0142o\u017cy\u0107 do wysmarowanego mas\u0142em naczynia \u017caroodpornego, wyg\u0142adzi\u0107 \u0142y\u017ck\u0105 wierzch, posypa\u0107 startym serem.<br \/>\n4. Piekarnik nagrza\u0107 do temperatury 180 st C i zapieka\u0107 potraw\u0119 20-25 minut. <\/p>\n","protected":false},"excerpt":{"rendered":"<p>50 dag mielonego mi\u0119sa wo\u0142owo-wieprzowego, cebula, 4 \u0142y\u017cki oleju lub oliwy, 2 z\u0105bki czosnku, puszka krojonych pomidor\u00f3w w zalewie, 3 woreczki ry\u017cu do gotowania, 3\/4 szklanki startego \u017c\u00f3\u0142tego sera, s\u00f3l, pieprz, \u0142y\u017cka posiekanego \u015bwie\u017cego tymianku lub \u0142y\u017ceczka suszonego, \u0142y\u017cka mas\u0142a. 1. Posiekan\u0105 cebul\u0119 i czosnek zeszkli\u0107 na oleju lub oliwie, doda\u0107 mielone mi\u0119so i mieszaj\u0105c [&hellip;]<\/p>\n","protected":false},"author":2,"featured_media":0,"comment_status":"open","ping_status":"open","sticky":false,"template":"","format":"standard","meta":{"footnotes":""},"categories":[1],"tags":[],"_links":{"self":[{"href":"https:\/\/blog.polityka.pl\/adamczewski\/wp-json\/wp\/v2\/posts\/10500"}],"collection":[{"href":"https:\/\/blog.polityka.pl\/adamczewski\/wp-json\/wp\/v2\/posts"}],"about":[{"href":"https:\/\/blog.polityka.pl\/adamczewski\/wp-json\/wp\/v2\/types\/post"}],"author":[{"embeddable":true,"href":"https:\/\/blog.polityka.pl\/adamczewski\/wp-json\/wp\/v2\/users\/2"}],"replies":[{"embeddable":true,"href":"https:\/\/blog.polityka.pl\/adamczewski\/wp-json\/wp\/v2\/comments?post=10500"}],"version-history":[{"count":0,"href":"https:\/\/blog.polityka.pl\/adamczewski\/wp-json\/wp\/v2\/posts\/10500\/revisions"}],"wp:attachment":[{"href":"https:\/\/blog.polityka.pl\/adamczewski\/wp-json\/wp\/v2\/media?parent=10500"}],"wp:term":[{"taxonomy":"category","embeddable":true,"href":"https:\/\/blog.polityka.pl\/adamczewski\/wp-json\/wp\/v2\/categories?post=10500"},{"taxonomy":"post_tag","embeddable":true,"href":"https:\/\/blog.polityka.pl\/adamczewski\/wp-json\/wp\/v2\/tags?post=10500"}],"curies":[{"name":"wp","href":"https:\/\/api.w.org\/{rel}","templated":true}]}}