
{"id":10501,"date":"2010-02-26T07:23:46","date_gmt":"2010-02-26T06:23:46","guid":{"rendered":"http:\/\/adamczewscy.pl\/?p=2778"},"modified":"2010-02-26T07:23:46","modified_gmt":"2010-02-26T06:23:46","slug":"warzywa-na-postny-obiad","status":"publish","type":"post","link":"https:\/\/blog.polityka.pl\/adamczewski\/2010\/02\/26\/warzywa-na-postny-obiad\/","title":{"rendered":"Warzywa na postny obiad"},"content":{"rendered":"<p><em>6 \u015brednich ziemniak\u00f3w, 2 du\u017ce marchwie, 2 pietruszki, 2 cukinie, ok. 50 dag mi\u0105\u017cszu dyni (bez sk\u00f3ry i pestek), z\u0105bek czosnku, \u0142y\u017ceczka posiekanych listk\u00f3w rozmarynu, 2 puszki ods\u0105czonej fasoli z puszki (im wi\u0119ksza, tym lepsza), 2 szklanki roso\u0142u warzywnego z kostki, s\u00f3l, pieprz, 1\/3 oleju z pestek winogron. <\/em><\/p>\n<p>1. Pokroi\u0107 dyni\u0119 i obrane ziemniaki w kostk\u0119 o boku ok. 3-4cm, marchew i pietruszk\u0119 obra\u0107 i pokroi\u0107 w kawa\u0142ki 2-3 -centymetrowe.<br \/>\n2. Cukinie obra\u0107 i pokroi\u0107  na 2-centymetrowe plasterki.<br \/>\n3. Pokrojone warzywa wymiesza\u0107 z olejem i przeci\u015bni\u0119tym przez prask\u0119 czosnkiem, sol\u0105 i pieprzem oraz po\u0142owa rozmarynu.<br \/>\n4. W du\u017cym \u017caroodpornym p\u0142askim naczyniu z pokrywk\u0105 roz\u0142o\u017cy\u0107 warzywa. W temperaturze 190 st C piec oko\u0142o 30 &#8211; 35 minut.<br \/>\n5. Na warzywa wy\u0142o\u017cy\u0107 ods\u0105czon\u0105 fasol\u0119, zala\u0107 roso\u0142em warzywnym i pod przykryciem piec 25-30 minut.<br \/>\nGotowe danie posypa\u0107 pozosta\u0142ym rozmarynem. <\/p>\n","protected":false},"excerpt":{"rendered":"<p>6 \u015brednich ziemniak\u00f3w, 2 du\u017ce marchwie, 2 pietruszki, 2 cukinie, ok. 50 dag mi\u0105\u017cszu dyni (bez sk\u00f3ry i pestek), z\u0105bek czosnku, \u0142y\u017ceczka posiekanych listk\u00f3w rozmarynu, 2 puszki ods\u0105czonej fasoli z puszki (im wi\u0119ksza, tym lepsza), 2 szklanki roso\u0142u warzywnego z kostki, s\u00f3l, pieprz, 1\/3 oleju z pestek winogron. 1. Pokroi\u0107 dyni\u0119 i obrane ziemniaki w [&hellip;]<\/p>\n","protected":false},"author":2,"featured_media":0,"comment_status":"open","ping_status":"open","sticky":false,"template":"","format":"standard","meta":{"footnotes":""},"categories":[1],"tags":[],"_links":{"self":[{"href":"https:\/\/blog.polityka.pl\/adamczewski\/wp-json\/wp\/v2\/posts\/10501"}],"collection":[{"href":"https:\/\/blog.polityka.pl\/adamczewski\/wp-json\/wp\/v2\/posts"}],"about":[{"href":"https:\/\/blog.polityka.pl\/adamczewski\/wp-json\/wp\/v2\/types\/post"}],"author":[{"embeddable":true,"href":"https:\/\/blog.polityka.pl\/adamczewski\/wp-json\/wp\/v2\/users\/2"}],"replies":[{"embeddable":true,"href":"https:\/\/blog.polityka.pl\/adamczewski\/wp-json\/wp\/v2\/comments?post=10501"}],"version-history":[{"count":0,"href":"https:\/\/blog.polityka.pl\/adamczewski\/wp-json\/wp\/v2\/posts\/10501\/revisions"}],"wp:attachment":[{"href":"https:\/\/blog.polityka.pl\/adamczewski\/wp-json\/wp\/v2\/media?parent=10501"}],"wp:term":[{"taxonomy":"category","embeddable":true,"href":"https:\/\/blog.polityka.pl\/adamczewski\/wp-json\/wp\/v2\/categories?post=10501"},{"taxonomy":"post_tag","embeddable":true,"href":"https:\/\/blog.polityka.pl\/adamczewski\/wp-json\/wp\/v2\/tags?post=10501"}],"curies":[{"name":"wp","href":"https:\/\/api.w.org\/{rel}","templated":true}]}}