
{"id":10506,"date":"2010-03-05T05:47:23","date_gmt":"2010-03-05T04:47:23","guid":{"rendered":"http:\/\/adamczewscy.pl\/?p=2784"},"modified":"2010-03-05T05:47:23","modified_gmt":"2010-03-05T04:47:23","slug":"dorsz-w-smietanie","status":"publish","type":"post","link":"https:\/\/blog.polityka.pl\/adamczewski\/2010\/03\/05\/dorsz-w-smietanie\/","title":{"rendered":"Dorsz  w \u015bmietanie"},"content":{"rendered":"<p><em>Ok. 70 dag filet\u00f3w z dorsza, du\u017ca cebula, jajko, s\u00f3l, 4 \u0142y\u017cki oleju,  2 \u0142y\u017cki tartej bu\u0142ki, 3\/4 szklanki \u015bmietany 18-proc., 2 \u0142y\u017cki siekanej zielonej pietruszki. <\/em><\/p>\n<p>1. Cebul\u0119 posieka\u0107 bardzo drobno podsma\u017cy\u0107 na \u0142y\u017cce oleju. Kiedy zaczyna sie z\u0142oci\u0107 &#8211; odstawi\u0107 do ostudzenia.<br \/>\n2. Filety umy\u0107, osuszy\u0107, podzieli\u0107 na porcje i lekko osoli\u0107.<br \/>\n3. Ostudzona cebul\u0119 wymiesza\u0107 z jajkiem.<br \/>\n4. Rozgrza\u0107 pozosta\u0142y olej na patelni.<br \/>\n5. Ka\u017cdy kawa\u0142ek ryby macza\u0107 w jajku z cebul\u0105 a nast\u0119pnie w tartej bu\u0142ce. Sma\u017cy\u0107 na rozgrzanym oleju. Usma\u017con\u0105 ryb\u0119 zala\u0107 \u015bmietan\u0105 i zagotowa\u0107.<br \/>\nPodaj\u0105c posypa\u0107 siekan\u0105 zielon\u0105 pietruszk\u0105. <\/p>\n","protected":false},"excerpt":{"rendered":"<p>Ok. 70 dag filet\u00f3w z dorsza, du\u017ca cebula, jajko, s\u00f3l, 4 \u0142y\u017cki oleju, 2 \u0142y\u017cki tartej bu\u0142ki, 3\/4 szklanki \u015bmietany 18-proc., 2 \u0142y\u017cki siekanej zielonej pietruszki. 1. Cebul\u0119 posieka\u0107 bardzo drobno podsma\u017cy\u0107 na \u0142y\u017cce oleju. Kiedy zaczyna sie z\u0142oci\u0107 &#8211; odstawi\u0107 do ostudzenia. 2. Filety umy\u0107, osuszy\u0107, podzieli\u0107 na porcje i lekko osoli\u0107. 3. Ostudzona [&hellip;]<\/p>\n","protected":false},"author":2,"featured_media":0,"comment_status":"open","ping_status":"open","sticky":false,"template":"","format":"standard","meta":{"footnotes":""},"categories":[1],"tags":[],"_links":{"self":[{"href":"https:\/\/blog.polityka.pl\/adamczewski\/wp-json\/wp\/v2\/posts\/10506"}],"collection":[{"href":"https:\/\/blog.polityka.pl\/adamczewski\/wp-json\/wp\/v2\/posts"}],"about":[{"href":"https:\/\/blog.polityka.pl\/adamczewski\/wp-json\/wp\/v2\/types\/post"}],"author":[{"embeddable":true,"href":"https:\/\/blog.polityka.pl\/adamczewski\/wp-json\/wp\/v2\/users\/2"}],"replies":[{"embeddable":true,"href":"https:\/\/blog.polityka.pl\/adamczewski\/wp-json\/wp\/v2\/comments?post=10506"}],"version-history":[{"count":0,"href":"https:\/\/blog.polityka.pl\/adamczewski\/wp-json\/wp\/v2\/posts\/10506\/revisions"}],"wp:attachment":[{"href":"https:\/\/blog.polityka.pl\/adamczewski\/wp-json\/wp\/v2\/media?parent=10506"}],"wp:term":[{"taxonomy":"category","embeddable":true,"href":"https:\/\/blog.polityka.pl\/adamczewski\/wp-json\/wp\/v2\/categories?post=10506"},{"taxonomy":"post_tag","embeddable":true,"href":"https:\/\/blog.polityka.pl\/adamczewski\/wp-json\/wp\/v2\/tags?post=10506"}],"curies":[{"name":"wp","href":"https:\/\/api.w.org\/{rel}","templated":true}]}}