
{"id":10507,"date":"2010-03-05T05:47:53","date_gmt":"2010-03-05T04:47:53","guid":{"rendered":"http:\/\/adamczewscy.pl\/?p=2785"},"modified":"2010-03-05T05:47:53","modified_gmt":"2010-03-05T04:47:53","slug":"francuska-zupa-chlebowa","status":"publish","type":"post","link":"https:\/\/blog.polityka.pl\/adamczewski\/2010\/03\/05\/francuska-zupa-chlebowa\/","title":{"rendered":"Francuska zupa chlebowa"},"content":{"rendered":"<p><em>4 szklanki roso\u0142u drobiowego z kostki, cebula, 4 kromki  pszennego chleba, 4 jajka, 2 \u0142y\u017cki mas\u0142a, s\u00f3l, \u015bwie\u017co zmielony pieprz.<\/em> <\/p>\n<p>1. Posieka\u0107 cebul\u0119 jak najdrobniej, podsma\u017cy cna z\u0142oto na ma\u015ble.<br \/>\n2. Kromki chleba pokroi\u0107 w kostk\u0119, doda\u0107 do podsma\u017conej cebuli wraz z roso\u0142em. Gotowa\u0107 3 minuty.<br \/>\n3. Ca\u0142e jajka roztrzepa\u0107 z sol\u0105 przy pomocy miksera lub trzepaczki do piany, po\u0142\u0105czy\u0107 z niewielk\u0105 ilo\u015bci\u0105 zupy a nast\u0119pnie wla\u0107 do ca\u0142ej porcji zupy,  dok\u0142adnie wymiesza\u0107. Nie gotowa\u0107. <\/p>\n","protected":false},"excerpt":{"rendered":"<p>4 szklanki roso\u0142u drobiowego z kostki, cebula, 4 kromki pszennego chleba, 4 jajka, 2 \u0142y\u017cki mas\u0142a, s\u00f3l, \u015bwie\u017co zmielony pieprz. 1. Posieka\u0107 cebul\u0119 jak najdrobniej, podsma\u017cy cna z\u0142oto na ma\u015ble. 2. Kromki chleba pokroi\u0107 w kostk\u0119, doda\u0107 do podsma\u017conej cebuli wraz z roso\u0142em. Gotowa\u0107 3 minuty. 3. Ca\u0142e jajka roztrzepa\u0107 z sol\u0105 przy pomocy miksera [&hellip;]<\/p>\n","protected":false},"author":2,"featured_media":0,"comment_status":"open","ping_status":"open","sticky":false,"template":"","format":"standard","meta":{"footnotes":""},"categories":[1],"tags":[],"_links":{"self":[{"href":"https:\/\/blog.polityka.pl\/adamczewski\/wp-json\/wp\/v2\/posts\/10507"}],"collection":[{"href":"https:\/\/blog.polityka.pl\/adamczewski\/wp-json\/wp\/v2\/posts"}],"about":[{"href":"https:\/\/blog.polityka.pl\/adamczewski\/wp-json\/wp\/v2\/types\/post"}],"author":[{"embeddable":true,"href":"https:\/\/blog.polityka.pl\/adamczewski\/wp-json\/wp\/v2\/users\/2"}],"replies":[{"embeddable":true,"href":"https:\/\/blog.polityka.pl\/adamczewski\/wp-json\/wp\/v2\/comments?post=10507"}],"version-history":[{"count":0,"href":"https:\/\/blog.polityka.pl\/adamczewski\/wp-json\/wp\/v2\/posts\/10507\/revisions"}],"wp:attachment":[{"href":"https:\/\/blog.polityka.pl\/adamczewski\/wp-json\/wp\/v2\/media?parent=10507"}],"wp:term":[{"taxonomy":"category","embeddable":true,"href":"https:\/\/blog.polityka.pl\/adamczewski\/wp-json\/wp\/v2\/categories?post=10507"},{"taxonomy":"post_tag","embeddable":true,"href":"https:\/\/blog.polityka.pl\/adamczewski\/wp-json\/wp\/v2\/tags?post=10507"}],"curies":[{"name":"wp","href":"https:\/\/api.w.org\/{rel}","templated":true}]}}