
{"id":10514,"date":"2010-03-12T07:28:25","date_gmt":"2010-03-12T06:28:25","guid":{"rendered":"http:\/\/adamczewscy.pl\/?p=2793"},"modified":"2010-03-12T07:28:25","modified_gmt":"2010-03-12T06:28:25","slug":"zupa-superekspresowa","status":"publish","type":"post","link":"https:\/\/blog.polityka.pl\/adamczewski\/2010\/03\/12\/zupa-superekspresowa\/","title":{"rendered":"Zupa superekspresowa"},"content":{"rendered":"<p><em>\u015arednia cukinia, 2marchwie, 2 \u015brednie ziemniaki, 2 kostki roso\u0142u ciel\u0119cego lub drobiowego, 3 ziarna ziela angielskiego, szczypta pieprzu zio\u0142owego i szczypta mielonego czarnego pieprzu, p\u00f3\u0142 \u0142y\u017ceczki suszonych zi\u00f3\u0142 prowansalskich lub \u0142y\u017cka posiekanego koperku, 2 \u0142y\u017cki \u015bmietany (mo\u017ce by\u0107 18 lub 12-proc.) <\/em><\/p>\n<p>1. Marchew obra\u0107 i pokroi\u0107 w plasterki. Ziemniaki obra\u0107 i pokroi\u0107 w kostk\u0119.<br \/>\n2. W garnku zagotowa\u0107 4 szklanki wody, doda\u0107 ziarna ziela angielskiego, kostki roso\u0142owe i marchew oraz ziemniaki. Gotowa\u0107 pod przykryciem 10 minut.<br \/>\n3. W tym czasie obra\u0107 cukini\u0119, kt\u00f3rej mo\u017cna nie obiera\u0107 pokroi\u0107  w kostk\u0119. Doda\u0107 do garnka z gotuj\u0105cymi si\u0119 ziemniakami i marchewk\u0105. Gotowa\u0107 pod przykryciem do mi\u0119kko\u015bci.<br \/>\n4. Doprawi\u0107 zup\u0119 do smaku obydwoma rodzajami pieprzu, doda\u0107 \u015bmietan\u0119 i silnie zagrza\u0107.<br \/>\nPodaj\u0105c posypa\u0107 zio\u0142ami prowansalskimi lub siekanym koperkiem. <\/p>\n","protected":false},"excerpt":{"rendered":"<p>\u015arednia cukinia, 2marchwie, 2 \u015brednie ziemniaki, 2 kostki roso\u0142u ciel\u0119cego lub drobiowego, 3 ziarna ziela angielskiego, szczypta pieprzu zio\u0142owego i szczypta mielonego czarnego pieprzu, p\u00f3\u0142 \u0142y\u017ceczki suszonych zi\u00f3\u0142 prowansalskich lub \u0142y\u017cka posiekanego koperku, 2 \u0142y\u017cki \u015bmietany (mo\u017ce by\u0107 18 lub 12-proc.) 1. Marchew obra\u0107 i pokroi\u0107 w plasterki. Ziemniaki obra\u0107 i pokroi\u0107 w kostk\u0119. 2. [&hellip;]<\/p>\n","protected":false},"author":2,"featured_media":0,"comment_status":"open","ping_status":"open","sticky":false,"template":"","format":"standard","meta":{"footnotes":""},"categories":[1],"tags":[],"_links":{"self":[{"href":"https:\/\/blog.polityka.pl\/adamczewski\/wp-json\/wp\/v2\/posts\/10514"}],"collection":[{"href":"https:\/\/blog.polityka.pl\/adamczewski\/wp-json\/wp\/v2\/posts"}],"about":[{"href":"https:\/\/blog.polityka.pl\/adamczewski\/wp-json\/wp\/v2\/types\/post"}],"author":[{"embeddable":true,"href":"https:\/\/blog.polityka.pl\/adamczewski\/wp-json\/wp\/v2\/users\/2"}],"replies":[{"embeddable":true,"href":"https:\/\/blog.polityka.pl\/adamczewski\/wp-json\/wp\/v2\/comments?post=10514"}],"version-history":[{"count":0,"href":"https:\/\/blog.polityka.pl\/adamczewski\/wp-json\/wp\/v2\/posts\/10514\/revisions"}],"wp:attachment":[{"href":"https:\/\/blog.polityka.pl\/adamczewski\/wp-json\/wp\/v2\/media?parent=10514"}],"wp:term":[{"taxonomy":"category","embeddable":true,"href":"https:\/\/blog.polityka.pl\/adamczewski\/wp-json\/wp\/v2\/categories?post=10514"},{"taxonomy":"post_tag","embeddable":true,"href":"https:\/\/blog.polityka.pl\/adamczewski\/wp-json\/wp\/v2\/tags?post=10514"}],"curies":[{"name":"wp","href":"https:\/\/api.w.org\/{rel}","templated":true}]}}