
{"id":10515,"date":"2010-03-12T07:29:26","date_gmt":"2010-03-12T06:29:26","guid":{"rendered":"http:\/\/adamczewscy.pl\/?p=2794"},"modified":"2010-03-12T07:29:26","modified_gmt":"2010-03-12T06:29:26","slug":"owocowy-kremowiec","status":"publish","type":"post","link":"https:\/\/blog.polityka.pl\/adamczewski\/2010\/03\/12\/owocowy-kremowiec\/","title":{"rendered":"Owocowy kremowiec"},"content":{"rendered":"<p><em>Na ciasto: 2 szklanki maki z lekkim czubem, kostka mas\u0142a, szklanka z czubem cukru, cukier waniliowy z prawdziw\u0105 wanili\u0105, 5-6 jaj, 2 \u0142y\u017ceczki proszku do pieczenia, szklanka owoc\u00f3w (morele, truskawki, wypestkowane czere\u015bnie, mro\u017cone wypestkowane \u015bliwki, krojone na ma\u0142e kawa\u0142ki kwa\u015bne jab\u0142ka)<br \/>\nNa krem: 2 paczki budyniu \u015bmietankowego z cukrem, 3\/4 mleka, kostka mas\u0142a.<br \/>\nDo posypania wierzchu ciasta: \u0142y\u017ceczka kakao. <\/em><\/p>\n<p>1. Oddzieli\u0107 \u017c\u00f3\u0142tka od bia\u0142ek.<br \/>\n2. Mas\u0142o uciera\u0107 przy pomocy miksera r\u0119cznego z cukrem, dodaj\u0105c po jednym \u017c\u00f3\u0142tka oraz na koniec cukier waniliowy.<br \/>\n3. M\u0105k\u0119 wymiesza\u0107 z proszkiem do pieczenia i razem przesia\u0107 przez sitko, wymiesza\u0107 m\u0105k\u0119 z utartym \u017c\u00f3\u0142tkami mas\u0142em.<br \/>\n4. Wy\u0142o\u017cy\u0107 ciasto do wy\u0142o\u017conej pergaminem do pieczenia formy, pouk\u0142ada\u0107 na nim przygotowane owoce i powciska\u0107 je.<br \/>\n5. Piec ciasto oko\u0142o 50-60minut w temperaturze 180 st C.<br \/>\n6. Ugotowa\u0107 budy\u0144 bior\u0105c proporcjonalnie tyle proszku, ile potrzeba do ugotowania go z 3\/4 litra mleka. Wystudzi\u0107.<br \/>\n7. Zmiksowa\u0107 zimny budy\u0144 z mas\u0142em.<br \/>\n8. Zimne ciasto posmarowa\u0107 zimnym kremem, posypa\u0107 przez siteczko \u0142y\u017ck\u0105 kakao. <\/p>\n","protected":false},"excerpt":{"rendered":"<p>Na ciasto: 2 szklanki maki z lekkim czubem, kostka mas\u0142a, szklanka z czubem cukru, cukier waniliowy z prawdziw\u0105 wanili\u0105, 5-6 jaj, 2 \u0142y\u017ceczki proszku do pieczenia, szklanka owoc\u00f3w (morele, truskawki, wypestkowane czere\u015bnie, mro\u017cone wypestkowane \u015bliwki, krojone na ma\u0142e kawa\u0142ki kwa\u015bne jab\u0142ka) Na krem: 2 paczki budyniu \u015bmietankowego z cukrem, 3\/4 mleka, kostka mas\u0142a. Do posypania [&hellip;]<\/p>\n","protected":false},"author":2,"featured_media":0,"comment_status":"open","ping_status":"open","sticky":false,"template":"","format":"standard","meta":{"footnotes":""},"categories":[1],"tags":[],"_links":{"self":[{"href":"https:\/\/blog.polityka.pl\/adamczewski\/wp-json\/wp\/v2\/posts\/10515"}],"collection":[{"href":"https:\/\/blog.polityka.pl\/adamczewski\/wp-json\/wp\/v2\/posts"}],"about":[{"href":"https:\/\/blog.polityka.pl\/adamczewski\/wp-json\/wp\/v2\/types\/post"}],"author":[{"embeddable":true,"href":"https:\/\/blog.polityka.pl\/adamczewski\/wp-json\/wp\/v2\/users\/2"}],"replies":[{"embeddable":true,"href":"https:\/\/blog.polityka.pl\/adamczewski\/wp-json\/wp\/v2\/comments?post=10515"}],"version-history":[{"count":0,"href":"https:\/\/blog.polityka.pl\/adamczewski\/wp-json\/wp\/v2\/posts\/10515\/revisions"}],"wp:attachment":[{"href":"https:\/\/blog.polityka.pl\/adamczewski\/wp-json\/wp\/v2\/media?parent=10515"}],"wp:term":[{"taxonomy":"category","embeddable":true,"href":"https:\/\/blog.polityka.pl\/adamczewski\/wp-json\/wp\/v2\/categories?post=10515"},{"taxonomy":"post_tag","embeddable":true,"href":"https:\/\/blog.polityka.pl\/adamczewski\/wp-json\/wp\/v2\/tags?post=10515"}],"curies":[{"name":"wp","href":"https:\/\/api.w.org\/{rel}","templated":true}]}}