
{"id":10516,"date":"2010-03-12T07:30:38","date_gmt":"2010-03-12T06:30:38","guid":{"rendered":"http:\/\/adamczewscy.pl\/?p=2795"},"modified":"2010-03-12T07:30:38","modified_gmt":"2010-03-12T06:30:38","slug":"zdrowe-ciasteczka","status":"publish","type":"post","link":"https:\/\/blog.polityka.pl\/adamczewski\/2010\/03\/12\/zdrowe-ciasteczka\/","title":{"rendered":"Zdrowe ciasteczka"},"content":{"rendered":"<p><em>3 szklanki m\u0105ki, p\u00f3\u0142 szklanki cukru -pudru, jajko i 2 \u017c\u00f3\u0142tka, p\u00f3\u0142torej kostki mas\u0142a, 2 \u0142y\u017ceczki proszku do pieczenia, p\u00f3l opakowania cukru z prawdziw\u0105 wanili\u0105, p\u00f3\u0142 szklanki p\u0142atk\u00f3w owsianych, p\u00f3\u0142 szklanki p\u0142atk\u00f3w  kukurydzianych, Do posypania ciastek po wierzchu: p\u00f3\u0142 szklanki posiekanych r\u00f3\u017cnych orzech\u00f3w. <\/em><\/p>\n<p>1. Wsypa\u0107 do du\u017cej miski m\u0105k\u0119, doda\u0107 mas\u0142o, posieka\u0107 je na male\u0144kie kawa\u0142eczki;  doda\u0107 nast\u0119pnie wszystkie pozosta\u0142e sk\u0142adniki ciasta, zagnie\u015b\u0107.<br \/>\n2. W plastikowym woreczku wsadzi\u0107 ciasto do lod\u00f3wki na godzin\u0119.<br \/>\n3. Po wyj\u0119ciu z lod\u00f3wki rozwa\u0142kowa\u0107 ciasto na centymetr grubo\u015bci, wycina\u0107 dowolnego kszta\u0142tu ciastka, posypa\u0107 je posiekanymi orzechami i upiec w temperaturze 200 st C. Ciastka piecze si\u0119 mniej wi\u0119cej  15-20 minut. <\/p>\n","protected":false},"excerpt":{"rendered":"<p>3 szklanki m\u0105ki, p\u00f3\u0142 szklanki cukru -pudru, jajko i 2 \u017c\u00f3\u0142tka, p\u00f3\u0142torej kostki mas\u0142a, 2 \u0142y\u017ceczki proszku do pieczenia, p\u00f3l opakowania cukru z prawdziw\u0105 wanili\u0105, p\u00f3\u0142 szklanki p\u0142atk\u00f3w owsianych, p\u00f3\u0142 szklanki p\u0142atk\u00f3w kukurydzianych, Do posypania ciastek po wierzchu: p\u00f3\u0142 szklanki posiekanych r\u00f3\u017cnych orzech\u00f3w. 1. Wsypa\u0107 do du\u017cej miski m\u0105k\u0119, doda\u0107 mas\u0142o, posieka\u0107 je na male\u0144kie [&hellip;]<\/p>\n","protected":false},"author":2,"featured_media":0,"comment_status":"open","ping_status":"open","sticky":false,"template":"","format":"standard","meta":{"footnotes":""},"categories":[1],"tags":[],"_links":{"self":[{"href":"https:\/\/blog.polityka.pl\/adamczewski\/wp-json\/wp\/v2\/posts\/10516"}],"collection":[{"href":"https:\/\/blog.polityka.pl\/adamczewski\/wp-json\/wp\/v2\/posts"}],"about":[{"href":"https:\/\/blog.polityka.pl\/adamczewski\/wp-json\/wp\/v2\/types\/post"}],"author":[{"embeddable":true,"href":"https:\/\/blog.polityka.pl\/adamczewski\/wp-json\/wp\/v2\/users\/2"}],"replies":[{"embeddable":true,"href":"https:\/\/blog.polityka.pl\/adamczewski\/wp-json\/wp\/v2\/comments?post=10516"}],"version-history":[{"count":0,"href":"https:\/\/blog.polityka.pl\/adamczewski\/wp-json\/wp\/v2\/posts\/10516\/revisions"}],"wp:attachment":[{"href":"https:\/\/blog.polityka.pl\/adamczewski\/wp-json\/wp\/v2\/media?parent=10516"}],"wp:term":[{"taxonomy":"category","embeddable":true,"href":"https:\/\/blog.polityka.pl\/adamczewski\/wp-json\/wp\/v2\/categories?post=10516"},{"taxonomy":"post_tag","embeddable":true,"href":"https:\/\/blog.polityka.pl\/adamczewski\/wp-json\/wp\/v2\/tags?post=10516"}],"curies":[{"name":"wp","href":"https:\/\/api.w.org\/{rel}","templated":true}]}}