
{"id":10517,"date":"2010-03-12T07:32:11","date_gmt":"2010-03-12T06:32:11","guid":{"rendered":"http:\/\/adamczewscy.pl\/?p=2796"},"modified":"2010-03-12T07:32:11","modified_gmt":"2010-03-12T06:32:11","slug":"serowe-koleczka","status":"publish","type":"post","link":"https:\/\/blog.polityka.pl\/adamczewski\/2010\/03\/12\/serowe-koleczka\/","title":{"rendered":"Serowe k\u00f3\u0142eczka"},"content":{"rendered":"<p><em>P\u00f3\u0142 kg p\u00f3\u0142t\u0142ustego bia\u0142ego sera, 3 jaja, 2 i p\u00f3\u0142 szklanki m\u0105ki, p\u00f3\u0142 szklanki cukru, p\u00f3\u0142 \u0142y\u017ceczki sody, szczypta soli, 1-2 szklanki oleju, 2 kopiaste \u0142y\u017cki cukru-pudru do posypywania<\/em><\/p>\n<p>1. Ser pokruszy\u0107 bardzo dok\u0142adnie widelcem.<br \/>\n2. M\u0105k\u0119 wymiesza\u0107 z sod\u0105 oraz cukrem i szczypt\u0105 soli. Doda\u0107 pokruszony ser oraz jaja, wyrobi\u0107 r\u0119k\u0105 ciasto. Roz\u0142o\u017cy\u0107 je na stolnicy lub desce do krojenia r\u00f3wn\u0105 warstw\u0105. Wycina\u0107 szklank\u0105 kr\u0105\u017cki, po \u015brodku ma\u0142ym kieliszkiem wycina\u0107 w cie\u015bcie dziurki.<br \/>\n3. Rozgrza\u0107 olej i sma\u017cy\u0107 k\u00f3\u0142eczka jak p\u0105czki w g\u0142\u0119bokim t\u0142uszczu. Kiedy si\u0119 zrumieni\u0105 z obu stron wyjmowa\u0107, posypywa\u0107 cukrem pudrem. <\/p>\n","protected":false},"excerpt":{"rendered":"<p>P\u00f3\u0142 kg p\u00f3\u0142t\u0142ustego bia\u0142ego sera, 3 jaja, 2 i p\u00f3\u0142 szklanki m\u0105ki, p\u00f3\u0142 szklanki cukru, p\u00f3\u0142 \u0142y\u017ceczki sody, szczypta soli, 1-2 szklanki oleju, 2 kopiaste \u0142y\u017cki cukru-pudru do posypywania 1. Ser pokruszy\u0107 bardzo dok\u0142adnie widelcem. 2. M\u0105k\u0119 wymiesza\u0107 z sod\u0105 oraz cukrem i szczypt\u0105 soli. Doda\u0107 pokruszony ser oraz jaja, wyrobi\u0107 r\u0119k\u0105 ciasto. Roz\u0142o\u017cy\u0107 je [&hellip;]<\/p>\n","protected":false},"author":2,"featured_media":0,"comment_status":"open","ping_status":"open","sticky":false,"template":"","format":"standard","meta":{"footnotes":""},"categories":[1],"tags":[],"_links":{"self":[{"href":"https:\/\/blog.polityka.pl\/adamczewski\/wp-json\/wp\/v2\/posts\/10517"}],"collection":[{"href":"https:\/\/blog.polityka.pl\/adamczewski\/wp-json\/wp\/v2\/posts"}],"about":[{"href":"https:\/\/blog.polityka.pl\/adamczewski\/wp-json\/wp\/v2\/types\/post"}],"author":[{"embeddable":true,"href":"https:\/\/blog.polityka.pl\/adamczewski\/wp-json\/wp\/v2\/users\/2"}],"replies":[{"embeddable":true,"href":"https:\/\/blog.polityka.pl\/adamczewski\/wp-json\/wp\/v2\/comments?post=10517"}],"version-history":[{"count":0,"href":"https:\/\/blog.polityka.pl\/adamczewski\/wp-json\/wp\/v2\/posts\/10517\/revisions"}],"wp:attachment":[{"href":"https:\/\/blog.polityka.pl\/adamczewski\/wp-json\/wp\/v2\/media?parent=10517"}],"wp:term":[{"taxonomy":"category","embeddable":true,"href":"https:\/\/blog.polityka.pl\/adamczewski\/wp-json\/wp\/v2\/categories?post=10517"},{"taxonomy":"post_tag","embeddable":true,"href":"https:\/\/blog.polityka.pl\/adamczewski\/wp-json\/wp\/v2\/tags?post=10517"}],"curies":[{"name":"wp","href":"https:\/\/api.w.org\/{rel}","templated":true}]}}