
{"id":10518,"date":"2010-03-19T07:21:26","date_gmt":"2010-03-19T06:21:26","guid":{"rendered":"http:\/\/adamczewscy.pl\/?p=2798"},"modified":"2010-03-19T07:21:26","modified_gmt":"2010-03-19T06:21:26","slug":"zupa-z-kasztanow","status":"publish","type":"post","link":"https:\/\/blog.polityka.pl\/adamczewski\/2010\/03\/19\/zupa-z-kasztanow\/","title":{"rendered":"Zupa z kasztan\u00f3w"},"content":{"rendered":"<p><em>30 dag kasztan\u00f3w, szklanka bulionu warzywnego z kostki, p\u00f3\u0142 \u015bredniego selera korzeniowego, z\u0105bek czosnku, niepe\u0142na szklanka s\u0142odkiej \u015bmietanki 36 &#8211; proc., 2 \u0142y\u017cki mas\u0142a, starta ga\u0142ka muszkato\u0142owa, cukier, s\u00f3l, pieprz do smaku. <\/em><\/p>\n<p>1. Kasztany naci\u0105\u0107 na krzy\u017c (od strony, gdzie s\u0105 nier\u00f3wno\u015bci), piec w piekarniku o temperaturze 200 st C oko\u0142o 8 minut, po czym mo\u017cliwie gor\u0105ce, obra\u0107 ze sk\u00f3rki.<br \/>\n2. W garnku zagrza\u0107 bulion, doda\u0107 kasztany i pokrojony na kilka kawa\u0142k\u00f3w seler. Gotowa\u0107 15 minut.<br \/>\n3. Wyj\u0105\u0107 seler, doda\u0107 po\u0142ow\u0119 \u015bmietanki i zmiksowa\u0107 zup\u0119, dodaj\u0105c w trakcie miksowania tyle bulionu, aby powsta\u0142a zupa krem. Na koniec doda\u0107 mas\u0142o i jeszcze raz zmiksowa\u0107 ca\u0142o\u015b\u0107.<br \/>\n4. Doprawi\u0107 ga\u0142k\u0105 muszkato\u0142ow\u0105, sol\u0105, pieprzem i cukrem oraz czosnkiem.<br \/>\n5. Pozosta\u0142\u0105 \u015bmietank\u0119, dobrze ozi\u0119bion\u0105 ubi\u0107 i po\u0142\u0105czy\u0107 z zup\u0105. <\/p>\n","protected":false},"excerpt":{"rendered":"<p>30 dag kasztan\u00f3w, szklanka bulionu warzywnego z kostki, p\u00f3\u0142 \u015bredniego selera korzeniowego, z\u0105bek czosnku, niepe\u0142na szklanka s\u0142odkiej \u015bmietanki 36 &#8211; proc., 2 \u0142y\u017cki mas\u0142a, starta ga\u0142ka muszkato\u0142owa, cukier, s\u00f3l, pieprz do smaku. 1. Kasztany naci\u0105\u0107 na krzy\u017c (od strony, gdzie s\u0105 nier\u00f3wno\u015bci), piec w piekarniku o temperaturze 200 st C oko\u0142o 8 minut, po czym [&hellip;]<\/p>\n","protected":false},"author":2,"featured_media":0,"comment_status":"open","ping_status":"open","sticky":false,"template":"","format":"standard","meta":{"footnotes":""},"categories":[1],"tags":[],"_links":{"self":[{"href":"https:\/\/blog.polityka.pl\/adamczewski\/wp-json\/wp\/v2\/posts\/10518"}],"collection":[{"href":"https:\/\/blog.polityka.pl\/adamczewski\/wp-json\/wp\/v2\/posts"}],"about":[{"href":"https:\/\/blog.polityka.pl\/adamczewski\/wp-json\/wp\/v2\/types\/post"}],"author":[{"embeddable":true,"href":"https:\/\/blog.polityka.pl\/adamczewski\/wp-json\/wp\/v2\/users\/2"}],"replies":[{"embeddable":true,"href":"https:\/\/blog.polityka.pl\/adamczewski\/wp-json\/wp\/v2\/comments?post=10518"}],"version-history":[{"count":0,"href":"https:\/\/blog.polityka.pl\/adamczewski\/wp-json\/wp\/v2\/posts\/10518\/revisions"}],"wp:attachment":[{"href":"https:\/\/blog.polityka.pl\/adamczewski\/wp-json\/wp\/v2\/media?parent=10518"}],"wp:term":[{"taxonomy":"category","embeddable":true,"href":"https:\/\/blog.polityka.pl\/adamczewski\/wp-json\/wp\/v2\/categories?post=10518"},{"taxonomy":"post_tag","embeddable":true,"href":"https:\/\/blog.polityka.pl\/adamczewski\/wp-json\/wp\/v2\/tags?post=10518"}],"curies":[{"name":"wp","href":"https:\/\/api.w.org\/{rel}","templated":true}]}}