
{"id":10524,"date":"2010-03-26T08:37:46","date_gmt":"2010-03-26T07:37:46","guid":{"rendered":"http:\/\/adamczewscy.pl\/?p=2805"},"modified":"2010-03-26T08:37:46","modified_gmt":"2010-03-26T07:37:46","slug":"mielone-z-kasza-i-warzywami","status":"publish","type":"post","link":"https:\/\/blog.polityka.pl\/adamczewski\/2010\/03\/26\/mielone-z-kasza-i-warzywami\/","title":{"rendered":"Mielone z kasz\u0105 i warzywami"},"content":{"rendered":"<p><em>40 dag mi\u0119sa wieprzowego na mielone,  torebka kaszy j\u0119czmiennej do gotowania, marchew i pietruszka, cebula, jajo, \u0142y\u017cka posiekanej zielonej pietruszki, s\u00f3l, pieprz, jakakolwiek przyprawa warzywna typu Vegety, p\u00f3\u0142 szklanki tartej bu\u0142ki, p\u00f3l szklanki oleju do sma\u017cenia. <\/em><\/p>\n<p>1. Ugotowa\u0107 kasz\u0119 w woreczku wed\u0142ug przepisu na opakowaniu. Os\u0105czy\u0107, ostudzi\u0107, wysypa\u0107 z woreczka.<br \/>\n2. Marchew i pietruszk\u0119 obra\u0107, pokroi\u0107 w plasterki i obgotowa\u0107 kilka minut w lekko osolonej wodzie, ods\u0105czy\u0107. Ostudzi\u0107.<br \/>\n3. Cebul\u0119 posiekana drobno zeszkli cna \u0142y\u017cce oleju.<br \/>\n4. Zemle\u0107 w maszynce mi\u0119so wraz z warzywami, cebul\u0105 i kasz\u0105.<br \/>\n5. Zmielon\u0105 mas\u0119 wymiesza\u0107 dok\u0142adnie dodaj\u0105c jajo, przyprawy, s\u00f3l i pieprz do smaku.<br \/>\n6. Formowa\u0107 z mi\u0119sa kotlety, panierowa\u0107 w tartej bu\u0142ce i sma\u017cy\u0107 na rozgrzanym oleju na ciemnoz\u0142oto. <\/p>\n","protected":false},"excerpt":{"rendered":"<p>40 dag mi\u0119sa wieprzowego na mielone, torebka kaszy j\u0119czmiennej do gotowania, marchew i pietruszka, cebula, jajo, \u0142y\u017cka posiekanej zielonej pietruszki, s\u00f3l, pieprz, jakakolwiek przyprawa warzywna typu Vegety, p\u00f3\u0142 szklanki tartej bu\u0142ki, p\u00f3l szklanki oleju do sma\u017cenia. 1. Ugotowa\u0107 kasz\u0119 w woreczku wed\u0142ug przepisu na opakowaniu. Os\u0105czy\u0107, ostudzi\u0107, wysypa\u0107 z woreczka. 2. Marchew i pietruszk\u0119 obra\u0107, [&hellip;]<\/p>\n","protected":false},"author":2,"featured_media":0,"comment_status":"open","ping_status":"open","sticky":false,"template":"","format":"standard","meta":{"footnotes":""},"categories":[1],"tags":[],"_links":{"self":[{"href":"https:\/\/blog.polityka.pl\/adamczewski\/wp-json\/wp\/v2\/posts\/10524"}],"collection":[{"href":"https:\/\/blog.polityka.pl\/adamczewski\/wp-json\/wp\/v2\/posts"}],"about":[{"href":"https:\/\/blog.polityka.pl\/adamczewski\/wp-json\/wp\/v2\/types\/post"}],"author":[{"embeddable":true,"href":"https:\/\/blog.polityka.pl\/adamczewski\/wp-json\/wp\/v2\/users\/2"}],"replies":[{"embeddable":true,"href":"https:\/\/blog.polityka.pl\/adamczewski\/wp-json\/wp\/v2\/comments?post=10524"}],"version-history":[{"count":0,"href":"https:\/\/blog.polityka.pl\/adamczewski\/wp-json\/wp\/v2\/posts\/10524\/revisions"}],"wp:attachment":[{"href":"https:\/\/blog.polityka.pl\/adamczewski\/wp-json\/wp\/v2\/media?parent=10524"}],"wp:term":[{"taxonomy":"category","embeddable":true,"href":"https:\/\/blog.polityka.pl\/adamczewski\/wp-json\/wp\/v2\/categories?post=10524"},{"taxonomy":"post_tag","embeddable":true,"href":"https:\/\/blog.polityka.pl\/adamczewski\/wp-json\/wp\/v2\/tags?post=10524"}],"curies":[{"name":"wp","href":"https:\/\/api.w.org\/{rel}","templated":true}]}}