
{"id":10527,"date":"2010-03-26T08:39:40","date_gmt":"2010-03-26T07:39:40","guid":{"rendered":"http:\/\/adamczewscy.pl\/?p=2808"},"modified":"2010-03-26T08:39:40","modified_gmt":"2010-03-26T07:39:40","slug":"ciasteczka-rodzynkowe-po-wlosku-2","status":"publish","type":"post","link":"https:\/\/blog.polityka.pl\/adamczewski\/2010\/03\/26\/ciasteczka-rodzynkowe-po-wlosku-2\/","title":{"rendered":"Ciasteczka rodzynkowe po w\u0142osku"},"content":{"rendered":"<p><em>2 szklanki m\u0105ki, 20 dag sch\u0142odzonego mas\u0142a, 2 jaja, 3\/4 szklanki cukru, 3\/4 szklanki rodzynek, 3 \u0142y\u017cki mocnego alkoholu, np. winiaku, \u0142y\u017ceczka proszku do pieczenia, 2 \u0142y\u017ceczki otartej sk\u00f3rki z cytryny, szczypta soli, 2 \u0142y\u017cki cukru pudru. <\/em><\/p>\n<p>1. Rodzynki namoczy\u0107 w alkoholu. Odstawi\u0107 co najmniej na godzin\u0119.<br \/>\n2. Make przesieka\u0107 z mas\u0142em, doda\u0107 proszek do pieczenia wraz z cukrem i jajami, proszkiem do pieczenia i sk\u00f3rk\u0105 cytrynow\u0105. Szybko zagnie\u015b\u0107 ciasto.<br \/>\n3. Rodzynki ods\u0105czy\u0107 z alkoholu i doda\u0107 do ciasta jeszcze raz je zagniataj\u0105c, po czym zawin\u0105\u0107 w folie i w ch\u0142odnym miejscu przechowa\u0107 je co najmniej godzin\u0119.<br \/>\n4. Na blaszce wy\u0142o\u017conej papierem do wypiek\u00f3w uk\u0142ada\u0107 formowane z ciasta kulki wielko\u015bci ma\u0142ego orzecha w\u0142oskiego.<br \/>\n5. Piec w temperaturze 180 st C mniej wi\u0119cej 15 minut, posypa\u0107 cukrrem pudrem. <\/p>\n","protected":false},"excerpt":{"rendered":"<p>2 szklanki m\u0105ki, 20 dag sch\u0142odzonego mas\u0142a, 2 jaja, 3\/4 szklanki cukru, 3\/4 szklanki rodzynek, 3 \u0142y\u017cki mocnego alkoholu, np. winiaku, \u0142y\u017ceczka proszku do pieczenia, 2 \u0142y\u017ceczki otartej sk\u00f3rki z cytryny, szczypta soli, 2 \u0142y\u017cki cukru pudru. 1. Rodzynki namoczy\u0107 w alkoholu. Odstawi\u0107 co najmniej na godzin\u0119. 2. Make przesieka\u0107 z mas\u0142em, doda\u0107 proszek do [&hellip;]<\/p>\n","protected":false},"author":2,"featured_media":0,"comment_status":"open","ping_status":"open","sticky":false,"template":"","format":"standard","meta":{"footnotes":""},"categories":[1],"tags":[],"_links":{"self":[{"href":"https:\/\/blog.polityka.pl\/adamczewski\/wp-json\/wp\/v2\/posts\/10527"}],"collection":[{"href":"https:\/\/blog.polityka.pl\/adamczewski\/wp-json\/wp\/v2\/posts"}],"about":[{"href":"https:\/\/blog.polityka.pl\/adamczewski\/wp-json\/wp\/v2\/types\/post"}],"author":[{"embeddable":true,"href":"https:\/\/blog.polityka.pl\/adamczewski\/wp-json\/wp\/v2\/users\/2"}],"replies":[{"embeddable":true,"href":"https:\/\/blog.polityka.pl\/adamczewski\/wp-json\/wp\/v2\/comments?post=10527"}],"version-history":[{"count":0,"href":"https:\/\/blog.polityka.pl\/adamczewski\/wp-json\/wp\/v2\/posts\/10527\/revisions"}],"wp:attachment":[{"href":"https:\/\/blog.polityka.pl\/adamczewski\/wp-json\/wp\/v2\/media?parent=10527"}],"wp:term":[{"taxonomy":"category","embeddable":true,"href":"https:\/\/blog.polityka.pl\/adamczewski\/wp-json\/wp\/v2\/categories?post=10527"},{"taxonomy":"post_tag","embeddable":true,"href":"https:\/\/blog.polityka.pl\/adamczewski\/wp-json\/wp\/v2\/tags?post=10527"}],"curies":[{"name":"wp","href":"https:\/\/api.w.org\/{rel}","templated":true}]}}